{"id":89,"date":"2009-11-23T16:42:35","date_gmt":"2009-11-23T15:42:35","guid":{"rendered":"https:\/\/www.elmundodelasemociones.es\/Weblog\/?p=89"},"modified":"2013-11-24T15:36:08","modified_gmt":"2013-11-24T14:36:08","slug":"que-tal-si-desatascamos-nuestra-vida","status":"publish","type":"post","link":"https:\/\/www.elmundodelasemociones.es\/Weblog\/que-tal-si-desatascamos-nuestra-vida\/","title":{"rendered":"\u00a1Qu\u00e9 tal si desatascamos nuestra vida!"},"content":{"rendered":"<p>El s\u00e1bado estuve viendo un escaparate de la tienda Natura de Fuencarral en Madrid: estaba llena de desatascadores de esos de ventosa unidos a un palo de madera con una inscripci\u00f3n que dec\u00eda <strong>&#8220;DESATASCA TU VIDA&#8221;<\/strong>.<\/p>\n<p>La idea me pareci\u00f3 genial, pues en esta \u00e9poca del a\u00f1o es muy sano reflexionar sobre la vida que estamos llevando, analizar si estamos siendo coherentes con lo que realmente queremos conseguir en este mundo.<\/p>\n<p>Siempre tenemos alg\u00fan \u00e1rea (f\u00edsica, profesional, financira, familiar, de amistad&#8230;) abandonada que conviene revisar de cara al nuevo a\u00f1o, alg\u00fan \u00e1rea que hemos estado posponiendo hasta que llegara ese mejor momento que nunca llega.<\/p>\n<p><strong>\u00bfQu\u00e9 tal si te pones con ello ya?, y desatascas esa parte de tu vida para que todo fluya mejor.<\/strong><\/p>\n","protected":false},"excerpt":{"rendered":"<p>El s\u00e1bado estuve viendo un escaparate de la tienda Natura de Fuencarral en Madrid: estaba llena de desatascadores de esos de ventosa unidos a un palo de madera con una inscripci\u00f3n que dec\u00eda <strong>&#8220;DESATASCA TU VIDA&#8221;<\/strong>.<\/p>\n","protected":false},"author":1,"featured_media":0,"comment_status":"open","ping_status":"open","sticky":false,"template":"","format":"standard","meta":{"_jetpack_memberships_contains_paid_content":false,"footnotes":""},"categories":[1339],"tags":[779,778,367,492,774,773,727,765,770,766,777,776,508,514,769,771,430,604,780,48,768,485,775,772,767,50],"class_list":["post-89","post","type-post","status-publish","format-standard","hentry","category-como-ser-feliz","tag-abandono","tag-amistad","tag-analizar","tag-ano","tag-area","tag-coherente","tag-conseguir","tag-desatar","tag-desatascador","tag-escaparate","tag-familiar","tag-financiera","tag-fisica","tag-fluir","tag-fuencarral","tag-genial","tag-idea","tag-madrid","tag-mejorar","tag-mundo","tag-natura","tag-nuevo","tag-profesional","tag-reflexionar","tag-tienda","tag-vida"],"yoast_head":"<!-- This site is optimized with the Yoast SEO plugin v27.5 - https:\/\/yoast.com\/product\/yoast-seo-wordpress\/ -->\n<title>\u00a1Qu\u00e9 tal si desatascamos nuestra vida! - El mundo de las emociones<\/title>\n<meta name=\"robots\" content=\"index, follow, max-snippet:-1, max-image-preview:large, max-video-preview:-1\" \/>\n<link rel=\"canonical\" href=\"https:\/\/www.elmundodelasemociones.es\/Weblog\/que-tal-si-desatascamos-nuestra-vida\/\" \/>\n<meta property=\"og:locale\" content=\"es_ES\" \/>\n<meta property=\"og:type\" content=\"article\" \/>\n<meta property=\"og:title\" content=\"\u00a1Qu\u00e9 tal si desatascamos nuestra vida! - El mundo de las emociones\" \/>\n<meta property=\"og:description\" content=\"El s\u00e1bado estuve viendo un escaparate de la tienda Natura de Fuencarral en Madrid: estaba llena de desatascadores de esos de ventosa unidos a un palo de madera con una inscripci\u00f3n que dec\u00eda &quot;DESATASCA TU VIDA&quot;.\" \/>\n<meta property=\"og:url\" content=\"https:\/\/www.elmundodelasemociones.es\/Weblog\/que-tal-si-desatascamos-nuestra-vida\/\" \/>\n<meta property=\"og:site_name\" content=\"El mundo de las emociones\" \/>\n<meta property=\"article:published_time\" content=\"2009-11-23T15:42:35+00:00\" \/>\n<meta property=\"article:modified_time\" content=\"2013-11-24T14:36:08+00:00\" \/>\n<meta name=\"author\" content=\"admin\" \/>\n<meta name=\"twitter:label1\" content=\"Escrito por\" \/>\n\t<meta name=\"twitter:data1\" content=\"admin\" \/>\n\t<meta name=\"twitter:label2\" content=\"Tiempo de lectura\" \/>\n\t<meta name=\"twitter:data2\" content=\"1 minuto\" \/>\n<script type=\"application\/ld+json\" class=\"yoast-schema-graph\">{\"@context\":\"https:\\\/\\\/schema.org\",\"@graph\":[{\"@type\":\"Article\",\"@id\":\"https:\\\/\\\/www.elmundodelasemociones.es\\\/Weblog\\\/que-tal-si-desatascamos-nuestra-vida\\\/#article\",\"isPartOf\":{\"@id\":\"https:\\\/\\\/www.elmundodelasemociones.es\\\/Weblog\\\/que-tal-si-desatascamos-nuestra-vida\\\/\"},\"author\":{\"name\":\"admin\",\"@id\":\"https:\\\/\\\/www.elmundodelasemociones.es\\\/Weblog\\\/#\\\/schema\\\/person\\\/3347afe65707ef6291e18c43757ebfd8\"},\"headline\":\"\u00a1Qu\u00e9 tal si desatascamos nuestra vida!\",\"datePublished\":\"2009-11-23T15:42:35+00:00\",\"dateModified\":\"2013-11-24T14:36:08+00:00\",\"mainEntityOfPage\":{\"@id\":\"https:\\\/\\\/www.elmundodelasemociones.es\\\/Weblog\\\/que-tal-si-desatascamos-nuestra-vida\\\/\"},\"wordCount\":139,\"commentCount\":3,\"keywords\":[\"abandono\",\"amistad\",\"analizar\",\"a\u00f1o\",\"\u00e1rea\",\"coherente\",\"conseguir\",\"desatar\",\"desatascador\",\"escaparate\",\"familiar\",\"financiera\",\"f\u00edsica\",\"fluir\",\"Fuencarral\",\"genial\",\"idea\",\"Madrid\",\"mejorar\",\"mundo\",\"Natura\",\"nuevo\",\"profesional\",\"reflexionar\",\"tienda\",\"vida\"],\"articleSection\":[\"C\u00f3mo ser feliz\"],\"inLanguage\":\"es\",\"potentialAction\":[{\"@type\":\"CommentAction\",\"name\":\"Comment\",\"target\":[\"https:\\\/\\\/www.elmundodelasemociones.es\\\/Weblog\\\/que-tal-si-desatascamos-nuestra-vida\\\/#respond\"]}]},{\"@type\":\"WebPage\",\"@id\":\"https:\\\/\\\/www.elmundodelasemociones.es\\\/Weblog\\\/que-tal-si-desatascamos-nuestra-vida\\\/\",\"url\":\"https:\\\/\\\/www.elmundodelasemociones.es\\\/Weblog\\\/que-tal-si-desatascamos-nuestra-vida\\\/\",\"name\":\"\u00a1Qu\u00e9 tal si desatascamos nuestra vida! - El mundo de las emociones\",\"isPartOf\":{\"@id\":\"https:\\\/\\\/www.elmundodelasemociones.es\\\/Weblog\\\/#website\"},\"datePublished\":\"2009-11-23T15:42:35+00:00\",\"dateModified\":\"2013-11-24T14:36:08+00:00\",\"author\":{\"@id\":\"https:\\\/\\\/www.elmundodelasemociones.es\\\/Weblog\\\/#\\\/schema\\\/person\\\/3347afe65707ef6291e18c43757ebfd8\"},\"breadcrumb\":{\"@id\":\"https:\\\/\\\/www.elmundodelasemociones.es\\\/Weblog\\\/que-tal-si-desatascamos-nuestra-vida\\\/#breadcrumb\"},\"inLanguage\":\"es\",\"potentialAction\":[{\"@type\":\"ReadAction\",\"target\":[\"https:\\\/\\\/www.elmundodelasemociones.es\\\/Weblog\\\/que-tal-si-desatascamos-nuestra-vida\\\/\"]}]},{\"@type\":\"BreadcrumbList\",\"@id\":\"https:\\\/\\\/www.elmundodelasemociones.es\\\/Weblog\\\/que-tal-si-desatascamos-nuestra-vida\\\/#breadcrumb\",\"itemListElement\":[{\"@type\":\"ListItem\",\"position\":1,\"name\":\"Portada\",\"item\":\"https:\\\/\\\/www.elmundodelasemociones.es\\\/Weblog\\\/\"},{\"@type\":\"ListItem\",\"position\":2,\"name\":\"\u00a1Qu\u00e9 tal si desatascamos nuestra vida!\"}]},{\"@type\":\"WebSite\",\"@id\":\"https:\\\/\\\/www.elmundodelasemociones.es\\\/Weblog\\\/#website\",\"url\":\"https:\\\/\\\/www.elmundodelasemociones.es\\\/Weblog\\\/\",\"name\":\"El mundo de las emociones\",\"description\":\"El blog de &quot;el mundo de las emociones&quot;\",\"potentialAction\":[{\"@type\":\"SearchAction\",\"target\":{\"@type\":\"EntryPoint\",\"urlTemplate\":\"https:\\\/\\\/www.elmundodelasemociones.es\\\/Weblog\\\/?s={search_term_string}\"},\"query-input\":{\"@type\":\"PropertyValueSpecification\",\"valueRequired\":true,\"valueName\":\"search_term_string\"}}],\"inLanguage\":\"es\"},{\"@type\":\"Person\",\"@id\":\"https:\\\/\\\/www.elmundodelasemociones.es\\\/Weblog\\\/#\\\/schema\\\/person\\\/3347afe65707ef6291e18c43757ebfd8\",\"name\":\"admin\",\"image\":{\"@type\":\"ImageObject\",\"inLanguage\":\"es\",\"@id\":\"https:\\\/\\\/secure.gravatar.com\\\/avatar\\\/7c19c60a03e6b3ce43d6bb77b94f6e396240f2be922af03898f53886977d5d60?s=96&d=mm&r=g\",\"url\":\"https:\\\/\\\/secure.gravatar.com\\\/avatar\\\/7c19c60a03e6b3ce43d6bb77b94f6e396240f2be922af03898f53886977d5d60?s=96&d=mm&r=g\",\"contentUrl\":\"https:\\\/\\\/secure.gravatar.com\\\/avatar\\\/7c19c60a03e6b3ce43d6bb77b94f6e396240f2be922af03898f53886977d5d60?s=96&d=mm&r=g\",\"caption\":\"admin\"},\"sameAs\":[\"http:\\\/\\\/www.elmundodelasemociones.es\"],\"url\":\"https:\\\/\\\/www.elmundodelasemociones.es\\\/Weblog\\\/author\\\/admin\\\/\"}]}<\/script>\n<!-- \/ Yoast SEO plugin. -->","yoast_head_json":{"title":"\u00a1Qu\u00e9 tal si desatascamos nuestra vida! - El mundo de las emociones","robots":{"index":"index","follow":"follow","max-snippet":"max-snippet:-1","max-image-preview":"max-image-preview:large","max-video-preview":"max-video-preview:-1"},"canonical":"https:\/\/www.elmundodelasemociones.es\/Weblog\/que-tal-si-desatascamos-nuestra-vida\/","og_locale":"es_ES","og_type":"article","og_title":"\u00a1Qu\u00e9 tal si desatascamos nuestra vida! - El mundo de las emociones","og_description":"El s\u00e1bado estuve viendo un escaparate de la tienda Natura de Fuencarral en Madrid: estaba llena de desatascadores de esos de ventosa unidos a un palo de madera con una inscripci\u00f3n que dec\u00eda \"DESATASCA TU VIDA\".","og_url":"https:\/\/www.elmundodelasemociones.es\/Weblog\/que-tal-si-desatascamos-nuestra-vida\/","og_site_name":"El mundo de las emociones","article_published_time":"2009-11-23T15:42:35+00:00","article_modified_time":"2013-11-24T14:36:08+00:00","author":"admin","twitter_misc":{"Escrito por":"admin","Tiempo de lectura":"1 minuto"},"schema":{"@context":"https:\/\/schema.org","@graph":[{"@type":"Article","@id":"https:\/\/www.elmundodelasemociones.es\/Weblog\/que-tal-si-desatascamos-nuestra-vida\/#article","isPartOf":{"@id":"https:\/\/www.elmundodelasemociones.es\/Weblog\/que-tal-si-desatascamos-nuestra-vida\/"},"author":{"name":"admin","@id":"https:\/\/www.elmundodelasemociones.es\/Weblog\/#\/schema\/person\/3347afe65707ef6291e18c43757ebfd8"},"headline":"\u00a1Qu\u00e9 tal si desatascamos nuestra vida!","datePublished":"2009-11-23T15:42:35+00:00","dateModified":"2013-11-24T14:36:08+00:00","mainEntityOfPage":{"@id":"https:\/\/www.elmundodelasemociones.es\/Weblog\/que-tal-si-desatascamos-nuestra-vida\/"},"wordCount":139,"commentCount":3,"keywords":["abandono","amistad","analizar","a\u00f1o","\u00e1rea","coherente","conseguir","desatar","desatascador","escaparate","familiar","financiera","f\u00edsica","fluir","Fuencarral","genial","idea","Madrid","mejorar","mundo","Natura","nuevo","profesional","reflexionar","tienda","vida"],"articleSection":["C\u00f3mo ser feliz"],"inLanguage":"es","potentialAction":[{"@type":"CommentAction","name":"Comment","target":["https:\/\/www.elmundodelasemociones.es\/Weblog\/que-tal-si-desatascamos-nuestra-vida\/#respond"]}]},{"@type":"WebPage","@id":"https:\/\/www.elmundodelasemociones.es\/Weblog\/que-tal-si-desatascamos-nuestra-vida\/","url":"https:\/\/www.elmundodelasemociones.es\/Weblog\/que-tal-si-desatascamos-nuestra-vida\/","name":"\u00a1Qu\u00e9 tal si desatascamos nuestra vida! - El mundo de las emociones","isPartOf":{"@id":"https:\/\/www.elmundodelasemociones.es\/Weblog\/#website"},"datePublished":"2009-11-23T15:42:35+00:00","dateModified":"2013-11-24T14:36:08+00:00","author":{"@id":"https:\/\/www.elmundodelasemociones.es\/Weblog\/#\/schema\/person\/3347afe65707ef6291e18c43757ebfd8"},"breadcrumb":{"@id":"https:\/\/www.elmundodelasemociones.es\/Weblog\/que-tal-si-desatascamos-nuestra-vida\/#breadcrumb"},"inLanguage":"es","potentialAction":[{"@type":"ReadAction","target":["https:\/\/www.elmundodelasemociones.es\/Weblog\/que-tal-si-desatascamos-nuestra-vida\/"]}]},{"@type":"BreadcrumbList","@id":"https:\/\/www.elmundodelasemociones.es\/Weblog\/que-tal-si-desatascamos-nuestra-vida\/#breadcrumb","itemListElement":[{"@type":"ListItem","position":1,"name":"Portada","item":"https:\/\/www.elmundodelasemociones.es\/Weblog\/"},{"@type":"ListItem","position":2,"name":"\u00a1Qu\u00e9 tal si desatascamos nuestra vida!"}]},{"@type":"WebSite","@id":"https:\/\/www.elmundodelasemociones.es\/Weblog\/#website","url":"https:\/\/www.elmundodelasemociones.es\/Weblog\/","name":"El mundo de las emociones","description":"El blog de &quot;el mundo de las emociones&quot;","potentialAction":[{"@type":"SearchAction","target":{"@type":"EntryPoint","urlTemplate":"https:\/\/www.elmundodelasemociones.es\/Weblog\/?s={search_term_string}"},"query-input":{"@type":"PropertyValueSpecification","valueRequired":true,"valueName":"search_term_string"}}],"inLanguage":"es"},{"@type":"Person","@id":"https:\/\/www.elmundodelasemociones.es\/Weblog\/#\/schema\/person\/3347afe65707ef6291e18c43757ebfd8","name":"admin","image":{"@type":"ImageObject","inLanguage":"es","@id":"https:\/\/secure.gravatar.com\/avatar\/7c19c60a03e6b3ce43d6bb77b94f6e396240f2be922af03898f53886977d5d60?s=96&d=mm&r=g","url":"https:\/\/secure.gravatar.com\/avatar\/7c19c60a03e6b3ce43d6bb77b94f6e396240f2be922af03898f53886977d5d60?s=96&d=mm&r=g","contentUrl":"https:\/\/secure.gravatar.com\/avatar\/7c19c60a03e6b3ce43d6bb77b94f6e396240f2be922af03898f53886977d5d60?s=96&d=mm&r=g","caption":"admin"},"sameAs":["http:\/\/www.elmundodelasemociones.es"],"url":"https:\/\/www.elmundodelasemociones.es\/Weblog\/author\/admin\/"}]}},"jetpack_featured_media_url":"","jetpack_sharing_enabled":true,"jetpack_shortlink":"https:\/\/wp.me\/p82iJT-1r","_links":{"self":[{"href":"https:\/\/www.elmundodelasemociones.es\/Weblog\/wp-json\/wp\/v2\/posts\/89","targetHints":{"allow":["GET"]}}],"collection":[{"href":"https:\/\/www.elmundodelasemociones.es\/Weblog\/wp-json\/wp\/v2\/posts"}],"about":[{"href":"https:\/\/www.elmundodelasemociones.es\/Weblog\/wp-json\/wp\/v2\/types\/post"}],"author":[{"embeddable":true,"href":"https:\/\/www.elmundodelasemociones.es\/Weblog\/wp-json\/wp\/v2\/users\/1"}],"replies":[{"embeddable":true,"href":"https:\/\/www.elmundodelasemociones.es\/Weblog\/wp-json\/wp\/v2\/comments?post=89"}],"version-history":[{"count":0,"href":"https:\/\/www.elmundodelasemociones.es\/Weblog\/wp-json\/wp\/v2\/posts\/89\/revisions"}],"wp:attachment":[{"href":"https:\/\/www.elmundodelasemociones.es\/Weblog\/wp-json\/wp\/v2\/media?parent=89"}],"wp:term":[{"taxonomy":"category","embeddable":true,"href":"https:\/\/www.elmundodelasemociones.es\/Weblog\/wp-json\/wp\/v2\/categories?post=89"},{"taxonomy":"post_tag","embeddable":true,"href":"https:\/\/www.elmundodelasemociones.es\/Weblog\/wp-json\/wp\/v2\/tags?post=89"}],"curies":[{"name":"wp","href":"https:\/\/api.w.org\/{rel}","templated":true}]}}