{"id":7290,"date":"2018-08-16T08:30:41","date_gmt":"2018-08-16T07:30:41","guid":{"rendered":"https:\/\/www.elmundodelasemociones.es\/Weblog\/?p=7290"},"modified":"2018-08-16T08:30:41","modified_gmt":"2018-08-16T07:30:41","slug":"dia-19-y-20-fashion-saigon","status":"publish","type":"post","link":"https:\/\/www.elmundodelasemociones.es\/Weblog\/dia-19-y-20-fashion-saigon\/","title":{"rendered":"D\u00eda 19 y 20: &#8220;Fashion Saig\u00f3n&#8221;"},"content":{"rendered":"<p><img loading=\"lazy\" decoding=\"async\" class=\"aligncenter size-full wp-image-7293\" src=\"https:\/\/www.elmundodelasemociones.es\/Weblog\/wp-content\/uploads\/2018\/08\/dia_19_20.jpg\" alt=\"D\u00eda 19 y 20: &quot;Fashion Saig\u00f3n&quot;\" width=\"304\" height=\"203\" srcset=\"https:\/\/www.elmundodelasemociones.es\/Weblog\/wp-content\/uploads\/2018\/08\/dia_19_20.jpg 304w, https:\/\/www.elmundodelasemociones.es\/Weblog\/wp-content\/uploads\/2018\/08\/dia_19_20-300x200.jpg 300w\" sizes=\"auto, (max-width: 304px) 100vw, 304px\" \/><\/p>\n<p>Actualmente <strong>Ciudad Ho Chi Minh<\/strong> debe su nombre al <strong>l\u00edder revolucionario de la antigua Vietnam del Norte,<\/strong> en una de las referencias a una <strong>dram\u00e1tica guerra del Vietnam<\/strong> que 40 a\u00f1os despu\u00e9s de su final <strong>a\u00fan hoy sigue siendo tema de debate en las calles locales,<\/strong> donde se enfatizan las diferencias entre el norte del pa\u00eds, m\u00e1s serio, y el sur, m\u00e1s abierto.<\/p>\n<p>Llevamos dos d\u00edas de nuevo de <strong>sorprendentes olores, colores y sabores<\/strong> que se dan de la mano en esta curiosa y vertiginosa urbe vietnamita. <strong>Es una de las urbes m\u00e1s densamente pobladas del sudeste asi\u00e1tico con 8,6 millones de habitantes<\/strong> y, lo que a\u00f1ade m\u00e1s algarab\u00eda, <strong>hasta 10 millones de motos<\/strong> que recorren ca\u00f3ticamente <strong>la mayor ciudad de Vietnam, que no su capital,<\/strong> ubicada en <strong>la norte\u00f1a Hanoi.<\/strong><\/p>\n<p>Nos ha gustado mucho, al menos aqu\u00ed puedes pasear un poco m\u00e1s por la aceras sin que te pille una moto. <strong>Es una ciudad mucho m\u00e1s global que Hanoi y m\u00e1s de negocios.<\/strong> Se pueden ver mucho m\u00e1s claras las diferencias sociales.<\/p>\n<p>De suyo, seg\u00fan nos han comentado, <strong>Vietnam es uno de los \u00faltimos estados comunistas,<\/strong> donde el n\u00famero de multimillonarios crece a mayor velocidad: 200 vietnamitas ostentan el estatus de ultrarricos (con un patrimonio superior a los 30 millones de d\u00f3lares), cuatro veces m\u00e1s que en 2006, cuando solo eran 50 los que pertenec\u00edan a este selecto club. <strong>Este florecimiento de grandes fortunas ha ido acompa\u00f1ado de una creciente desigualdad.<\/strong><\/p>\n<p>El propio <strong>secretario general del Partido Comunista, Nguyen Phu Trong,<\/strong> ha reconocido en varias ocasiones que <strong>las diferencias sociales se agrandan mientras muchos miembros del partido llevan un estilo de vida lujoso.<\/strong><\/p>\n<p>Curioso&#8230;<\/p>\n<p><strong>Nos vamos encantadas de la efervescencia de Vietnam, de la energ\u00eda, de la atenci\u00f3n y simpat\u00eda de las personas sobre todo de Saig\u00f3n.<\/strong><\/p>\n","protected":false},"excerpt":{"rendered":"<p><img loading=\"lazy\" decoding=\"async\" class=\"aligncenter size-full wp-image-7293\" src=\"https:\/\/www.elmundodelasemociones.es\/Weblog\/wp-content\/uploads\/2018\/08\/dia_19_20.jpg\" alt=\"D\u00eda 19 y 20: &quot;Fashion Saig\u00f3n&quot;\" width=\"304\" height=\"203\" srcset=\"https:\/\/www.elmundodelasemociones.es\/Weblog\/wp-content\/uploads\/2018\/08\/dia_19_20.jpg 304w, https:\/\/www.elmundodelasemociones.es\/Weblog\/wp-content\/uploads\/2018\/08\/dia_19_20-300x200.jpg 300w\" sizes=\"auto, (max-width: 304px) 100vw, 304px\" \/><\/p>\n<p>Actualmente <strong>Ciudad Ho Chi Minh<\/strong> debe su nombre al <strong>l\u00edder revolucionario de la antigua Vietnam del Norte,<\/strong> en una de las referencias a una <strong>dram\u00e1tica guerra del Vietnam<\/strong> que 40 a\u00f1os despu\u00e9s de su final <strong>a\u00fan hoy sigue siendo tema de debate en las calles locales,<\/strong> donde se enfatizan las diferencias entre el norte del pa\u00eds, m\u00e1s serio, y el sur, m\u00e1s abierto.<\/p>\n<p>Llevamos dos d\u00edas de nuevo de <strong>sorprendentes olores, colores y sabores<\/strong> que se dan de la mano en esta curiosa y vertiginosa urbe vietnamita. <strong>Es una de las urbes m\u00e1s densamente pobladas del sudeste asi\u00e1tico con 8,6 millones de habitantes<\/strong> y, lo que a\u00f1ade m\u00e1s algarab\u00eda, <strong>hasta 10 millones de motos<\/strong> que recorren ca\u00f3ticamente <strong>la mayor ciudad de Vietnam, que no su capital,<\/strong> ubicada en <strong>la norte\u00f1a Hanoi.<\/strong><\/p>\n","protected":false},"author":1,"featured_media":0,"comment_status":"open","ping_status":"open","sticky":false,"template":"","format":"standard","meta":{"_jetpack_memberships_contains_paid_content":false,"footnotes":""},"categories":[1927],"tags":[2140,314,1842,2151],"class_list":["post-7290","post","type-post","status-publish","format-standard","hentry","category-el-diario-de-maryam","tag-aventuras","tag-vacaciones","tag-verano","tag-vietnam"],"yoast_head":"<!-- This site is optimized with the Yoast SEO plugin v27.4 - https:\/\/yoast.com\/product\/yoast-seo-wordpress\/ -->\n<title>D\u00eda 19 y 20: &quot;Fashion Saig\u00f3n&quot; - El mundo de las emociones<\/title>\n<meta name=\"description\" content=\"Actualmente Ciudad Ho Chi Minh debe su nombre al l\u00edder revolucionario de la antigua Vietnam del Norte.\" \/>\n<meta name=\"robots\" content=\"index, follow, max-snippet:-1, max-image-preview:large, max-video-preview:-1\" \/>\n<link rel=\"canonical\" href=\"https:\/\/www.elmundodelasemociones.es\/Weblog\/dia-19-y-20-fashion-saigon\/\" \/>\n<meta property=\"og:locale\" content=\"es_ES\" \/>\n<meta property=\"og:type\" content=\"article\" \/>\n<meta property=\"og:title\" content=\"D\u00eda 19 y 20: &quot;Fashion Saig\u00f3n&quot; - El mundo de las emociones\" \/>\n<meta property=\"og:description\" content=\"Actualmente Ciudad Ho Chi Minh debe su nombre al l\u00edder revolucionario de la antigua Vietnam del Norte.\" \/>\n<meta property=\"og:url\" content=\"https:\/\/www.elmundodelasemociones.es\/Weblog\/dia-19-y-20-fashion-saigon\/\" \/>\n<meta property=\"og:site_name\" content=\"El mundo de las emociones\" \/>\n<meta property=\"article:published_time\" content=\"2018-08-16T07:30:41+00:00\" \/>\n<meta property=\"og:image\" content=\"https:\/\/www.elmundodelasemociones.es\/Weblog\/wp-content\/uploads\/2018\/08\/dia_19_20.jpg\" \/>\n<meta name=\"author\" content=\"admin\" \/>\n<meta name=\"twitter:label1\" content=\"Escrito por\" \/>\n\t<meta name=\"twitter:data1\" content=\"admin\" \/>\n\t<meta name=\"twitter:label2\" content=\"Tiempo de lectura\" \/>\n\t<meta name=\"twitter:data2\" content=\"2 minutos\" \/>\n<script type=\"application\/ld+json\" class=\"yoast-schema-graph\">{\"@context\":\"https:\\\/\\\/schema.org\",\"@graph\":[{\"@type\":\"Article\",\"@id\":\"https:\\\/\\\/www.elmundodelasemociones.es\\\/Weblog\\\/dia-19-y-20-fashion-saigon\\\/#article\",\"isPartOf\":{\"@id\":\"https:\\\/\\\/www.elmundodelasemociones.es\\\/Weblog\\\/dia-19-y-20-fashion-saigon\\\/\"},\"author\":{\"name\":\"admin\",\"@id\":\"https:\\\/\\\/www.elmundodelasemociones.es\\\/Weblog\\\/#\\\/schema\\\/person\\\/3347afe65707ef6291e18c43757ebfd8\"},\"headline\":\"D\u00eda 19 y 20: &#8220;Fashion Saig\u00f3n&#8221;\",\"datePublished\":\"2018-08-16T07:30:41+00:00\",\"mainEntityOfPage\":{\"@id\":\"https:\\\/\\\/www.elmundodelasemociones.es\\\/Weblog\\\/dia-19-y-20-fashion-saigon\\\/\"},\"wordCount\":327,\"commentCount\":0,\"image\":{\"@id\":\"https:\\\/\\\/www.elmundodelasemociones.es\\\/Weblog\\\/dia-19-y-20-fashion-saigon\\\/#primaryimage\"},\"thumbnailUrl\":\"https:\\\/\\\/www.elmundodelasemociones.es\\\/Weblog\\\/wp-content\\\/uploads\\\/2018\\\/08\\\/dia_19_20.jpg\",\"keywords\":[\"aventuras\",\"vacaciones\",\"verano\",\"Vietnam\"],\"articleSection\":[\"El Diario de Maryam\"],\"inLanguage\":\"es\",\"potentialAction\":[{\"@type\":\"CommentAction\",\"name\":\"Comment\",\"target\":[\"https:\\\/\\\/www.elmundodelasemociones.es\\\/Weblog\\\/dia-19-y-20-fashion-saigon\\\/#respond\"]}]},{\"@type\":\"WebPage\",\"@id\":\"https:\\\/\\\/www.elmundodelasemociones.es\\\/Weblog\\\/dia-19-y-20-fashion-saigon\\\/\",\"url\":\"https:\\\/\\\/www.elmundodelasemociones.es\\\/Weblog\\\/dia-19-y-20-fashion-saigon\\\/\",\"name\":\"D\u00eda 19 y 20: \\\"Fashion Saig\u00f3n\\\" - El mundo de las emociones\",\"isPartOf\":{\"@id\":\"https:\\\/\\\/www.elmundodelasemociones.es\\\/Weblog\\\/#website\"},\"primaryImageOfPage\":{\"@id\":\"https:\\\/\\\/www.elmundodelasemociones.es\\\/Weblog\\\/dia-19-y-20-fashion-saigon\\\/#primaryimage\"},\"image\":{\"@id\":\"https:\\\/\\\/www.elmundodelasemociones.es\\\/Weblog\\\/dia-19-y-20-fashion-saigon\\\/#primaryimage\"},\"thumbnailUrl\":\"https:\\\/\\\/www.elmundodelasemociones.es\\\/Weblog\\\/wp-content\\\/uploads\\\/2018\\\/08\\\/dia_19_20.jpg\",\"datePublished\":\"2018-08-16T07:30:41+00:00\",\"author\":{\"@id\":\"https:\\\/\\\/www.elmundodelasemociones.es\\\/Weblog\\\/#\\\/schema\\\/person\\\/3347afe65707ef6291e18c43757ebfd8\"},\"description\":\"Actualmente Ciudad Ho Chi Minh debe su nombre al l\u00edder revolucionario de la antigua Vietnam del Norte.\",\"breadcrumb\":{\"@id\":\"https:\\\/\\\/www.elmundodelasemociones.es\\\/Weblog\\\/dia-19-y-20-fashion-saigon\\\/#breadcrumb\"},\"inLanguage\":\"es\",\"potentialAction\":[{\"@type\":\"ReadAction\",\"target\":[\"https:\\\/\\\/www.elmundodelasemociones.es\\\/Weblog\\\/dia-19-y-20-fashion-saigon\\\/\"]}]},{\"@type\":\"ImageObject\",\"inLanguage\":\"es\",\"@id\":\"https:\\\/\\\/www.elmundodelasemociones.es\\\/Weblog\\\/dia-19-y-20-fashion-saigon\\\/#primaryimage\",\"url\":\"https:\\\/\\\/www.elmundodelasemociones.es\\\/Weblog\\\/wp-content\\\/uploads\\\/2018\\\/08\\\/dia_19_20.jpg\",\"contentUrl\":\"https:\\\/\\\/www.elmundodelasemociones.es\\\/Weblog\\\/wp-content\\\/uploads\\\/2018\\\/08\\\/dia_19_20.jpg\",\"width\":304,\"height\":203,\"caption\":\"D\u00eda 19 y 20: \\\"Fashion Saig\u00f3n\\\"\"},{\"@type\":\"BreadcrumbList\",\"@id\":\"https:\\\/\\\/www.elmundodelasemociones.es\\\/Weblog\\\/dia-19-y-20-fashion-saigon\\\/#breadcrumb\",\"itemListElement\":[{\"@type\":\"ListItem\",\"position\":1,\"name\":\"Portada\",\"item\":\"https:\\\/\\\/www.elmundodelasemociones.es\\\/Weblog\\\/\"},{\"@type\":\"ListItem\",\"position\":2,\"name\":\"D\u00eda 19 y 20: &#8220;Fashion Saig\u00f3n&#8221;\"}]},{\"@type\":\"WebSite\",\"@id\":\"https:\\\/\\\/www.elmundodelasemociones.es\\\/Weblog\\\/#website\",\"url\":\"https:\\\/\\\/www.elmundodelasemociones.es\\\/Weblog\\\/\",\"name\":\"El mundo de las emociones\",\"description\":\"El blog de &quot;el mundo de las emociones&quot;\",\"potentialAction\":[{\"@type\":\"SearchAction\",\"target\":{\"@type\":\"EntryPoint\",\"urlTemplate\":\"https:\\\/\\\/www.elmundodelasemociones.es\\\/Weblog\\\/?s={search_term_string}\"},\"query-input\":{\"@type\":\"PropertyValueSpecification\",\"valueRequired\":true,\"valueName\":\"search_term_string\"}}],\"inLanguage\":\"es\"},{\"@type\":\"Person\",\"@id\":\"https:\\\/\\\/www.elmundodelasemociones.es\\\/Weblog\\\/#\\\/schema\\\/person\\\/3347afe65707ef6291e18c43757ebfd8\",\"name\":\"admin\",\"image\":{\"@type\":\"ImageObject\",\"inLanguage\":\"es\",\"@id\":\"https:\\\/\\\/secure.gravatar.com\\\/avatar\\\/7c19c60a03e6b3ce43d6bb77b94f6e396240f2be922af03898f53886977d5d60?s=96&d=mm&r=g\",\"url\":\"https:\\\/\\\/secure.gravatar.com\\\/avatar\\\/7c19c60a03e6b3ce43d6bb77b94f6e396240f2be922af03898f53886977d5d60?s=96&d=mm&r=g\",\"contentUrl\":\"https:\\\/\\\/secure.gravatar.com\\\/avatar\\\/7c19c60a03e6b3ce43d6bb77b94f6e396240f2be922af03898f53886977d5d60?s=96&d=mm&r=g\",\"caption\":\"admin\"},\"sameAs\":[\"http:\\\/\\\/www.elmundodelasemociones.es\"],\"url\":\"https:\\\/\\\/www.elmundodelasemociones.es\\\/Weblog\\\/author\\\/admin\\\/\"}]}<\/script>\n<!-- \/ Yoast SEO plugin. -->","yoast_head_json":{"title":"D\u00eda 19 y 20: \"Fashion Saig\u00f3n\" - El mundo de las emociones","description":"Actualmente Ciudad Ho Chi Minh debe su nombre al l\u00edder revolucionario de la antigua Vietnam del Norte.","robots":{"index":"index","follow":"follow","max-snippet":"max-snippet:-1","max-image-preview":"max-image-preview:large","max-video-preview":"max-video-preview:-1"},"canonical":"https:\/\/www.elmundodelasemociones.es\/Weblog\/dia-19-y-20-fashion-saigon\/","og_locale":"es_ES","og_type":"article","og_title":"D\u00eda 19 y 20: \"Fashion Saig\u00f3n\" - El mundo de las emociones","og_description":"Actualmente Ciudad Ho Chi Minh debe su nombre al l\u00edder revolucionario de la antigua Vietnam del Norte.","og_url":"https:\/\/www.elmundodelasemociones.es\/Weblog\/dia-19-y-20-fashion-saigon\/","og_site_name":"El mundo de las emociones","article_published_time":"2018-08-16T07:30:41+00:00","og_image":[{"url":"https:\/\/www.elmundodelasemociones.es\/Weblog\/wp-content\/uploads\/2018\/08\/dia_19_20.jpg","type":"","width":"","height":""}],"author":"admin","twitter_misc":{"Escrito por":"admin","Tiempo de lectura":"2 minutos"},"schema":{"@context":"https:\/\/schema.org","@graph":[{"@type":"Article","@id":"https:\/\/www.elmundodelasemociones.es\/Weblog\/dia-19-y-20-fashion-saigon\/#article","isPartOf":{"@id":"https:\/\/www.elmundodelasemociones.es\/Weblog\/dia-19-y-20-fashion-saigon\/"},"author":{"name":"admin","@id":"https:\/\/www.elmundodelasemociones.es\/Weblog\/#\/schema\/person\/3347afe65707ef6291e18c43757ebfd8"},"headline":"D\u00eda 19 y 20: &#8220;Fashion Saig\u00f3n&#8221;","datePublished":"2018-08-16T07:30:41+00:00","mainEntityOfPage":{"@id":"https:\/\/www.elmundodelasemociones.es\/Weblog\/dia-19-y-20-fashion-saigon\/"},"wordCount":327,"commentCount":0,"image":{"@id":"https:\/\/www.elmundodelasemociones.es\/Weblog\/dia-19-y-20-fashion-saigon\/#primaryimage"},"thumbnailUrl":"https:\/\/www.elmundodelasemociones.es\/Weblog\/wp-content\/uploads\/2018\/08\/dia_19_20.jpg","keywords":["aventuras","vacaciones","verano","Vietnam"],"articleSection":["El Diario de Maryam"],"inLanguage":"es","potentialAction":[{"@type":"CommentAction","name":"Comment","target":["https:\/\/www.elmundodelasemociones.es\/Weblog\/dia-19-y-20-fashion-saigon\/#respond"]}]},{"@type":"WebPage","@id":"https:\/\/www.elmundodelasemociones.es\/Weblog\/dia-19-y-20-fashion-saigon\/","url":"https:\/\/www.elmundodelasemociones.es\/Weblog\/dia-19-y-20-fashion-saigon\/","name":"D\u00eda 19 y 20: \"Fashion Saig\u00f3n\" - El mundo de las emociones","isPartOf":{"@id":"https:\/\/www.elmundodelasemociones.es\/Weblog\/#website"},"primaryImageOfPage":{"@id":"https:\/\/www.elmundodelasemociones.es\/Weblog\/dia-19-y-20-fashion-saigon\/#primaryimage"},"image":{"@id":"https:\/\/www.elmundodelasemociones.es\/Weblog\/dia-19-y-20-fashion-saigon\/#primaryimage"},"thumbnailUrl":"https:\/\/www.elmundodelasemociones.es\/Weblog\/wp-content\/uploads\/2018\/08\/dia_19_20.jpg","datePublished":"2018-08-16T07:30:41+00:00","author":{"@id":"https:\/\/www.elmundodelasemociones.es\/Weblog\/#\/schema\/person\/3347afe65707ef6291e18c43757ebfd8"},"description":"Actualmente Ciudad Ho Chi Minh debe su nombre al l\u00edder revolucionario de la antigua Vietnam del Norte.","breadcrumb":{"@id":"https:\/\/www.elmundodelasemociones.es\/Weblog\/dia-19-y-20-fashion-saigon\/#breadcrumb"},"inLanguage":"es","potentialAction":[{"@type":"ReadAction","target":["https:\/\/www.elmundodelasemociones.es\/Weblog\/dia-19-y-20-fashion-saigon\/"]}]},{"@type":"ImageObject","inLanguage":"es","@id":"https:\/\/www.elmundodelasemociones.es\/Weblog\/dia-19-y-20-fashion-saigon\/#primaryimage","url":"https:\/\/www.elmundodelasemociones.es\/Weblog\/wp-content\/uploads\/2018\/08\/dia_19_20.jpg","contentUrl":"https:\/\/www.elmundodelasemociones.es\/Weblog\/wp-content\/uploads\/2018\/08\/dia_19_20.jpg","width":304,"height":203,"caption":"D\u00eda 19 y 20: \"Fashion Saig\u00f3n\""},{"@type":"BreadcrumbList","@id":"https:\/\/www.elmundodelasemociones.es\/Weblog\/dia-19-y-20-fashion-saigon\/#breadcrumb","itemListElement":[{"@type":"ListItem","position":1,"name":"Portada","item":"https:\/\/www.elmundodelasemociones.es\/Weblog\/"},{"@type":"ListItem","position":2,"name":"D\u00eda 19 y 20: &#8220;Fashion Saig\u00f3n&#8221;"}]},{"@type":"WebSite","@id":"https:\/\/www.elmundodelasemociones.es\/Weblog\/#website","url":"https:\/\/www.elmundodelasemociones.es\/Weblog\/","name":"El mundo de las emociones","description":"El blog de &quot;el mundo de las emociones&quot;","potentialAction":[{"@type":"SearchAction","target":{"@type":"EntryPoint","urlTemplate":"https:\/\/www.elmundodelasemociones.es\/Weblog\/?s={search_term_string}"},"query-input":{"@type":"PropertyValueSpecification","valueRequired":true,"valueName":"search_term_string"}}],"inLanguage":"es"},{"@type":"Person","@id":"https:\/\/www.elmundodelasemociones.es\/Weblog\/#\/schema\/person\/3347afe65707ef6291e18c43757ebfd8","name":"admin","image":{"@type":"ImageObject","inLanguage":"es","@id":"https:\/\/secure.gravatar.com\/avatar\/7c19c60a03e6b3ce43d6bb77b94f6e396240f2be922af03898f53886977d5d60?s=96&d=mm&r=g","url":"https:\/\/secure.gravatar.com\/avatar\/7c19c60a03e6b3ce43d6bb77b94f6e396240f2be922af03898f53886977d5d60?s=96&d=mm&r=g","contentUrl":"https:\/\/secure.gravatar.com\/avatar\/7c19c60a03e6b3ce43d6bb77b94f6e396240f2be922af03898f53886977d5d60?s=96&d=mm&r=g","caption":"admin"},"sameAs":["http:\/\/www.elmundodelasemociones.es"],"url":"https:\/\/www.elmundodelasemociones.es\/Weblog\/author\/admin\/"}]}},"jetpack_featured_media_url":"","jetpack_sharing_enabled":true,"jetpack_shortlink":"https:\/\/wp.me\/p82iJT-1TA","_links":{"self":[{"href":"https:\/\/www.elmundodelasemociones.es\/Weblog\/wp-json\/wp\/v2\/posts\/7290","targetHints":{"allow":["GET"]}}],"collection":[{"href":"https:\/\/www.elmundodelasemociones.es\/Weblog\/wp-json\/wp\/v2\/posts"}],"about":[{"href":"https:\/\/www.elmundodelasemociones.es\/Weblog\/wp-json\/wp\/v2\/types\/post"}],"author":[{"embeddable":true,"href":"https:\/\/www.elmundodelasemociones.es\/Weblog\/wp-json\/wp\/v2\/users\/1"}],"replies":[{"embeddable":true,"href":"https:\/\/www.elmundodelasemociones.es\/Weblog\/wp-json\/wp\/v2\/comments?post=7290"}],"version-history":[{"count":0,"href":"https:\/\/www.elmundodelasemociones.es\/Weblog\/wp-json\/wp\/v2\/posts\/7290\/revisions"}],"wp:attachment":[{"href":"https:\/\/www.elmundodelasemociones.es\/Weblog\/wp-json\/wp\/v2\/media?parent=7290"}],"wp:term":[{"taxonomy":"category","embeddable":true,"href":"https:\/\/www.elmundodelasemociones.es\/Weblog\/wp-json\/wp\/v2\/categories?post=7290"},{"taxonomy":"post_tag","embeddable":true,"href":"https:\/\/www.elmundodelasemociones.es\/Weblog\/wp-json\/wp\/v2\/tags?post=7290"}],"curies":[{"name":"wp","href":"https:\/\/api.w.org\/{rel}","templated":true}]}}