{"id":692,"date":"2011-08-01T21:45:06","date_gmt":"2011-08-01T20:45:06","guid":{"rendered":"https:\/\/www.elmundodelasemociones.es\/Weblog\/?p=692"},"modified":"2018-10-26T18:35:16","modified_gmt":"2018-10-26T17:35:16","slug":"madre-teresa","status":"publish","type":"post","link":"https:\/\/www.elmundodelasemociones.es\/Weblog\/madre-teresa\/","title":{"rendered":"Madre Teresa"},"content":{"rendered":"<p><strong>Como personalmente me dijo la madre Teresa de Calcuta alguna vez:<\/strong><\/p>\n<p><strong> <\/strong><em>&#8220;En los pa\u00edses occidentales nadie muere de hambre y ni siquiera abundan los pobres como en la India&#8230; pero existe otra clase de pobreza, la del esp\u00edritu, que es mucho peor. La gente est\u00e1 insatisfecha con lo que tiene, les aterra el sufrimiento y eso les lleva a la desesperaci\u00f3n. Es una pobreza del alma, una sequedad del coraz\u00f3n que resulta mucho m\u00e1s dif\u00edcil de remediar&#8230;&#8221;<\/em><\/p>\n<p><em>&#8220;El siglo XX ha estado marcado por el consumo, el ser humano entendi\u00f3 &#8220;\u00e9xito&#8221; como &#8220;tener&#8221;, &#8220;eres lo que tienes&#8221;. Hoy, ya en otro siglo, el hombre se siente vac\u00edo y busca nuevas sensaciones constantes, pero no se trata de eso, se trata de reencontrarse con el sentir &#8220;volver a ser&#8221;, renacer como &#8220;Ser Humano&#8221;.<\/em><\/p>\n<p><iframe loading=\"lazy\" width=\"299\" height=\"249\" src=\"https:\/\/www.youtube.com\/embed\/GlzIy2Cy2oU\" frameborder=\"0\" allow=\"autoplay; encrypted-media\" allowfullscreen><\/iframe><\/p>\n","protected":false},"excerpt":{"rendered":"<p><strong>Como personalmente me dijo la madre Teresa de Calcuta alguna vez:<\/strong><\/p>\n<p><strong> <\/strong><em>&#8220;En los pa\u00edses occidentales nadie muere de hambre y ni siquiera abundan los pobres como en la India&#8230; pero existe otra clase de pobreza, la del esp\u00edritu, que es mucho peor. La gente est\u00e1 insatisfecha con lo que tiene, les aterra el sufrimiento y eso les lleva a la desesperaci\u00f3n. Es una pobreza del alma, una sequedad del coraz\u00f3n que resulta mucho m\u00e1s dif\u00edcil de remediar&#8230;&#8221;<\/em><\/p>\n<p><em>&#8220;El siglo XX ha estado marcado por el consumo, el ser humano entendi\u00f3 &#8220;\u00e9xito&#8221; como &#8220;tener&#8221;, &#8220;eres lo que tienes&#8221;. Hoy, ya en otro siglo, el hombre se siente vac\u00edo y busca nuevas sensaciones constantes, pero no se trata de eso, se trata de reencontrarse con el sentir &#8220;volver a ser&#8221;, renacer como &#8220;Ser Humano&#8221;.<\/em><\/p>\n<p><iframe loading=\"lazy\" width=\"299\" height=\"249\" src=\"https:\/\/www.youtube.com\/embed\/GlzIy2Cy2oU\" frameborder=\"0\" allow=\"autoplay; encrypted-media\" allowfullscreen><\/iframe><\/p>\n","protected":false},"author":1,"featured_media":0,"comment_status":"open","ping_status":"open","sticky":false,"template":"","format":"standard","meta":{"_jetpack_memberships_contains_paid_content":false,"footnotes":""},"categories":[1371],"tags":[17,22,19,16,11,23,8,10,12,5,7,6,9,13,27,20,30,26,18,29,31,21,32,24,14,25,28],"class_list":["post-692","post","type-post","status-publish","format-standard","hentry","category-videos-interesantes","tag-alma","tag-consumismo","tag-corazon","tag-desesperacion","tag-espiritu","tag-exito","tag-hambre","tag-india","tag-insatisfecha","tag-madre-teresa-de-calcuta","tag-morir","tag-occidente","tag-pobreza","tag-posesiones","tag-reencontrarse","tag-remediar","tag-renacer","tag-sensaciones","tag-sequedad","tag-ser","tag-ser-humano","tag-siglo-xx","tag-sufrimiento","tag-tener","tag-terror","tag-vacio","tag-volver"],"yoast_head":"<!-- This site is optimized with the Yoast SEO plugin v27.5 - https:\/\/yoast.com\/product\/yoast-seo-wordpress\/ -->\n<title>Madre Teresa - El mundo de las emociones<\/title>\n<meta name=\"robots\" content=\"index, follow, max-snippet:-1, max-image-preview:large, max-video-preview:-1\" \/>\n<link rel=\"canonical\" href=\"https:\/\/www.elmundodelasemociones.es\/Weblog\/madre-teresa\/\" \/>\n<meta property=\"og:locale\" content=\"es_ES\" \/>\n<meta property=\"og:type\" content=\"article\" \/>\n<meta property=\"og:title\" content=\"Madre Teresa - El mundo de las emociones\" \/>\n<meta property=\"og:description\" content=\"Como personalmente me dijo la madre Teresa de Calcuta alguna vez:   &quot;En los pa\u00edses occidentales nadie muere de hambre y ni siquiera abundan los pobres como en la India... pero existe otra clase de pobreza, la del esp\u00edritu, que es mucho peor. La gente est\u00e1 insatisfecha con lo que tiene, les aterra el sufrimiento y eso les lleva a la desesperaci\u00f3n. Es una pobreza del alma, una sequedad del coraz\u00f3n que resulta mucho m\u00e1s dif\u00edcil de remediar...&quot;  &quot;El siglo XX ha estado marcado por el consumo, el ser humano entendi\u00f3 &quot;\u00e9xito&quot; como &quot;tener&quot;, &quot;eres lo que tienes&quot;. Hoy, ya en otro siglo, el hombre se siente vac\u00edo y busca nuevas sensaciones constantes, pero no se trata de eso, se trata de reencontrarse con el sentir &quot;volver a ser&quot;, renacer como &quot;Ser Humano&quot;.\" \/>\n<meta property=\"og:url\" content=\"https:\/\/www.elmundodelasemociones.es\/Weblog\/madre-teresa\/\" \/>\n<meta property=\"og:site_name\" content=\"El mundo de las emociones\" \/>\n<meta property=\"article:published_time\" content=\"2011-08-01T20:45:06+00:00\" \/>\n<meta property=\"article:modified_time\" content=\"2018-10-26T17:35:16+00:00\" \/>\n<meta name=\"author\" content=\"admin\" \/>\n<meta name=\"twitter:label1\" content=\"Escrito por\" \/>\n\t<meta name=\"twitter:data1\" content=\"admin\" \/>\n\t<meta name=\"twitter:label2\" content=\"Tiempo de lectura\" \/>\n\t<meta name=\"twitter:data2\" content=\"1 minuto\" \/>\n<script type=\"application\/ld+json\" class=\"yoast-schema-graph\">{\"@context\":\"https:\\\/\\\/schema.org\",\"@graph\":[{\"@type\":\"Article\",\"@id\":\"https:\\\/\\\/www.elmundodelasemociones.es\\\/Weblog\\\/madre-teresa\\\/#article\",\"isPartOf\":{\"@id\":\"https:\\\/\\\/www.elmundodelasemociones.es\\\/Weblog\\\/madre-teresa\\\/\"},\"author\":{\"name\":\"admin\",\"@id\":\"https:\\\/\\\/www.elmundodelasemociones.es\\\/Weblog\\\/#\\\/schema\\\/person\\\/3347afe65707ef6291e18c43757ebfd8\"},\"headline\":\"Madre Teresa\",\"datePublished\":\"2011-08-01T20:45:06+00:00\",\"dateModified\":\"2018-10-26T17:35:16+00:00\",\"mainEntityOfPage\":{\"@id\":\"https:\\\/\\\/www.elmundodelasemociones.es\\\/Weblog\\\/madre-teresa\\\/\"},\"wordCount\":141,\"commentCount\":0,\"keywords\":[\"alma\",\"consumismo\",\"coraz\u00f3n\",\"desesperaci\u00f3n\",\"esp\u00edritu\",\"\u00e9xito\",\"hambre\",\"India\",\"insatisfecha\",\"Madre Teresa de Calcuta\",\"morir\",\"occidente\",\"pobreza\",\"posesiones\",\"reencontrarse\",\"remediar\",\"renacer\",\"sensaciones\",\"sequedad\",\"ser\",\"ser humano\",\"siglo XX\",\"sufrimiento\",\"tener\",\"terror\",\"vac\u00edo\",\"volver\"],\"articleSection\":[\"V\u00eddeos interesantes\"],\"inLanguage\":\"es\",\"potentialAction\":[{\"@type\":\"CommentAction\",\"name\":\"Comment\",\"target\":[\"https:\\\/\\\/www.elmundodelasemociones.es\\\/Weblog\\\/madre-teresa\\\/#respond\"]}]},{\"@type\":\"WebPage\",\"@id\":\"https:\\\/\\\/www.elmundodelasemociones.es\\\/Weblog\\\/madre-teresa\\\/\",\"url\":\"https:\\\/\\\/www.elmundodelasemociones.es\\\/Weblog\\\/madre-teresa\\\/\",\"name\":\"Madre Teresa - El mundo de las emociones\",\"isPartOf\":{\"@id\":\"https:\\\/\\\/www.elmundodelasemociones.es\\\/Weblog\\\/#website\"},\"datePublished\":\"2011-08-01T20:45:06+00:00\",\"dateModified\":\"2018-10-26T17:35:16+00:00\",\"author\":{\"@id\":\"https:\\\/\\\/www.elmundodelasemociones.es\\\/Weblog\\\/#\\\/schema\\\/person\\\/3347afe65707ef6291e18c43757ebfd8\"},\"breadcrumb\":{\"@id\":\"https:\\\/\\\/www.elmundodelasemociones.es\\\/Weblog\\\/madre-teresa\\\/#breadcrumb\"},\"inLanguage\":\"es\",\"potentialAction\":[{\"@type\":\"ReadAction\",\"target\":[\"https:\\\/\\\/www.elmundodelasemociones.es\\\/Weblog\\\/madre-teresa\\\/\"]}]},{\"@type\":\"BreadcrumbList\",\"@id\":\"https:\\\/\\\/www.elmundodelasemociones.es\\\/Weblog\\\/madre-teresa\\\/#breadcrumb\",\"itemListElement\":[{\"@type\":\"ListItem\",\"position\":1,\"name\":\"Portada\",\"item\":\"https:\\\/\\\/www.elmundodelasemociones.es\\\/Weblog\\\/\"},{\"@type\":\"ListItem\",\"position\":2,\"name\":\"Madre Teresa\"}]},{\"@type\":\"WebSite\",\"@id\":\"https:\\\/\\\/www.elmundodelasemociones.es\\\/Weblog\\\/#website\",\"url\":\"https:\\\/\\\/www.elmundodelasemociones.es\\\/Weblog\\\/\",\"name\":\"El mundo de las emociones\",\"description\":\"El blog de &quot;el mundo de las emociones&quot;\",\"potentialAction\":[{\"@type\":\"SearchAction\",\"target\":{\"@type\":\"EntryPoint\",\"urlTemplate\":\"https:\\\/\\\/www.elmundodelasemociones.es\\\/Weblog\\\/?s={search_term_string}\"},\"query-input\":{\"@type\":\"PropertyValueSpecification\",\"valueRequired\":true,\"valueName\":\"search_term_string\"}}],\"inLanguage\":\"es\"},{\"@type\":\"Person\",\"@id\":\"https:\\\/\\\/www.elmundodelasemociones.es\\\/Weblog\\\/#\\\/schema\\\/person\\\/3347afe65707ef6291e18c43757ebfd8\",\"name\":\"admin\",\"image\":{\"@type\":\"ImageObject\",\"inLanguage\":\"es\",\"@id\":\"https:\\\/\\\/secure.gravatar.com\\\/avatar\\\/7c19c60a03e6b3ce43d6bb77b94f6e396240f2be922af03898f53886977d5d60?s=96&d=mm&r=g\",\"url\":\"https:\\\/\\\/secure.gravatar.com\\\/avatar\\\/7c19c60a03e6b3ce43d6bb77b94f6e396240f2be922af03898f53886977d5d60?s=96&d=mm&r=g\",\"contentUrl\":\"https:\\\/\\\/secure.gravatar.com\\\/avatar\\\/7c19c60a03e6b3ce43d6bb77b94f6e396240f2be922af03898f53886977d5d60?s=96&d=mm&r=g\",\"caption\":\"admin\"},\"sameAs\":[\"http:\\\/\\\/www.elmundodelasemociones.es\"],\"url\":\"https:\\\/\\\/www.elmundodelasemociones.es\\\/Weblog\\\/author\\\/admin\\\/\"}]}<\/script>\n<!-- \/ Yoast SEO plugin. -->","yoast_head_json":{"title":"Madre Teresa - El mundo de las emociones","robots":{"index":"index","follow":"follow","max-snippet":"max-snippet:-1","max-image-preview":"max-image-preview:large","max-video-preview":"max-video-preview:-1"},"canonical":"https:\/\/www.elmundodelasemociones.es\/Weblog\/madre-teresa\/","og_locale":"es_ES","og_type":"article","og_title":"Madre Teresa - El mundo de las emociones","og_description":"Como personalmente me dijo la madre Teresa de Calcuta alguna vez:   \"En los pa\u00edses occidentales nadie muere de hambre y ni siquiera abundan los pobres como en la India... pero existe otra clase de pobreza, la del esp\u00edritu, que es mucho peor. La gente est\u00e1 insatisfecha con lo que tiene, les aterra el sufrimiento y eso les lleva a la desesperaci\u00f3n. Es una pobreza del alma, una sequedad del coraz\u00f3n que resulta mucho m\u00e1s dif\u00edcil de remediar...\"  \"El siglo XX ha estado marcado por el consumo, el ser humano entendi\u00f3 \"\u00e9xito\" como \"tener\", \"eres lo que tienes\". Hoy, ya en otro siglo, el hombre se siente vac\u00edo y busca nuevas sensaciones constantes, pero no se trata de eso, se trata de reencontrarse con el sentir \"volver a ser\", renacer como \"Ser Humano\".","og_url":"https:\/\/www.elmundodelasemociones.es\/Weblog\/madre-teresa\/","og_site_name":"El mundo de las emociones","article_published_time":"2011-08-01T20:45:06+00:00","article_modified_time":"2018-10-26T17:35:16+00:00","author":"admin","twitter_misc":{"Escrito por":"admin","Tiempo de lectura":"1 minuto"},"schema":{"@context":"https:\/\/schema.org","@graph":[{"@type":"Article","@id":"https:\/\/www.elmundodelasemociones.es\/Weblog\/madre-teresa\/#article","isPartOf":{"@id":"https:\/\/www.elmundodelasemociones.es\/Weblog\/madre-teresa\/"},"author":{"name":"admin","@id":"https:\/\/www.elmundodelasemociones.es\/Weblog\/#\/schema\/person\/3347afe65707ef6291e18c43757ebfd8"},"headline":"Madre Teresa","datePublished":"2011-08-01T20:45:06+00:00","dateModified":"2018-10-26T17:35:16+00:00","mainEntityOfPage":{"@id":"https:\/\/www.elmundodelasemociones.es\/Weblog\/madre-teresa\/"},"wordCount":141,"commentCount":0,"keywords":["alma","consumismo","coraz\u00f3n","desesperaci\u00f3n","esp\u00edritu","\u00e9xito","hambre","India","insatisfecha","Madre Teresa de Calcuta","morir","occidente","pobreza","posesiones","reencontrarse","remediar","renacer","sensaciones","sequedad","ser","ser humano","siglo XX","sufrimiento","tener","terror","vac\u00edo","volver"],"articleSection":["V\u00eddeos interesantes"],"inLanguage":"es","potentialAction":[{"@type":"CommentAction","name":"Comment","target":["https:\/\/www.elmundodelasemociones.es\/Weblog\/madre-teresa\/#respond"]}]},{"@type":"WebPage","@id":"https:\/\/www.elmundodelasemociones.es\/Weblog\/madre-teresa\/","url":"https:\/\/www.elmundodelasemociones.es\/Weblog\/madre-teresa\/","name":"Madre Teresa - El mundo de las emociones","isPartOf":{"@id":"https:\/\/www.elmundodelasemociones.es\/Weblog\/#website"},"datePublished":"2011-08-01T20:45:06+00:00","dateModified":"2018-10-26T17:35:16+00:00","author":{"@id":"https:\/\/www.elmundodelasemociones.es\/Weblog\/#\/schema\/person\/3347afe65707ef6291e18c43757ebfd8"},"breadcrumb":{"@id":"https:\/\/www.elmundodelasemociones.es\/Weblog\/madre-teresa\/#breadcrumb"},"inLanguage":"es","potentialAction":[{"@type":"ReadAction","target":["https:\/\/www.elmundodelasemociones.es\/Weblog\/madre-teresa\/"]}]},{"@type":"BreadcrumbList","@id":"https:\/\/www.elmundodelasemociones.es\/Weblog\/madre-teresa\/#breadcrumb","itemListElement":[{"@type":"ListItem","position":1,"name":"Portada","item":"https:\/\/www.elmundodelasemociones.es\/Weblog\/"},{"@type":"ListItem","position":2,"name":"Madre Teresa"}]},{"@type":"WebSite","@id":"https:\/\/www.elmundodelasemociones.es\/Weblog\/#website","url":"https:\/\/www.elmundodelasemociones.es\/Weblog\/","name":"El mundo de las emociones","description":"El blog de &quot;el mundo de las emociones&quot;","potentialAction":[{"@type":"SearchAction","target":{"@type":"EntryPoint","urlTemplate":"https:\/\/www.elmundodelasemociones.es\/Weblog\/?s={search_term_string}"},"query-input":{"@type":"PropertyValueSpecification","valueRequired":true,"valueName":"search_term_string"}}],"inLanguage":"es"},{"@type":"Person","@id":"https:\/\/www.elmundodelasemociones.es\/Weblog\/#\/schema\/person\/3347afe65707ef6291e18c43757ebfd8","name":"admin","image":{"@type":"ImageObject","inLanguage":"es","@id":"https:\/\/secure.gravatar.com\/avatar\/7c19c60a03e6b3ce43d6bb77b94f6e396240f2be922af03898f53886977d5d60?s=96&d=mm&r=g","url":"https:\/\/secure.gravatar.com\/avatar\/7c19c60a03e6b3ce43d6bb77b94f6e396240f2be922af03898f53886977d5d60?s=96&d=mm&r=g","contentUrl":"https:\/\/secure.gravatar.com\/avatar\/7c19c60a03e6b3ce43d6bb77b94f6e396240f2be922af03898f53886977d5d60?s=96&d=mm&r=g","caption":"admin"},"sameAs":["http:\/\/www.elmundodelasemociones.es"],"url":"https:\/\/www.elmundodelasemociones.es\/Weblog\/author\/admin\/"}]}},"jetpack_featured_media_url":"","jetpack_sharing_enabled":true,"jetpack_shortlink":"https:\/\/wp.me\/p82iJT-ba","_links":{"self":[{"href":"https:\/\/www.elmundodelasemociones.es\/Weblog\/wp-json\/wp\/v2\/posts\/692","targetHints":{"allow":["GET"]}}],"collection":[{"href":"https:\/\/www.elmundodelasemociones.es\/Weblog\/wp-json\/wp\/v2\/posts"}],"about":[{"href":"https:\/\/www.elmundodelasemociones.es\/Weblog\/wp-json\/wp\/v2\/types\/post"}],"author":[{"embeddable":true,"href":"https:\/\/www.elmundodelasemociones.es\/Weblog\/wp-json\/wp\/v2\/users\/1"}],"replies":[{"embeddable":true,"href":"https:\/\/www.elmundodelasemociones.es\/Weblog\/wp-json\/wp\/v2\/comments?post=692"}],"version-history":[{"count":0,"href":"https:\/\/www.elmundodelasemociones.es\/Weblog\/wp-json\/wp\/v2\/posts\/692\/revisions"}],"wp:attachment":[{"href":"https:\/\/www.elmundodelasemociones.es\/Weblog\/wp-json\/wp\/v2\/media?parent=692"}],"wp:term":[{"taxonomy":"category","embeddable":true,"href":"https:\/\/www.elmundodelasemociones.es\/Weblog\/wp-json\/wp\/v2\/categories?post=692"},{"taxonomy":"post_tag","embeddable":true,"href":"https:\/\/www.elmundodelasemociones.es\/Weblog\/wp-json\/wp\/v2\/tags?post=692"}],"curies":[{"name":"wp","href":"https:\/\/api.w.org\/{rel}","templated":true}]}}