{"id":55003,"date":"2021-08-31T15:58:47","date_gmt":"2021-08-31T14:58:47","guid":{"rendered":"https:\/\/www.elmundodelasemociones.es\/Weblog\/?p=55003"},"modified":"2021-08-31T15:59:41","modified_gmt":"2021-08-31T14:59:41","slug":"buscando-a-serckan-en-la-playa-de-lara","status":"publish","type":"post","link":"https:\/\/www.elmundodelasemociones.es\/Weblog\/buscando-a-serckan-en-la-playa-de-lara\/","title":{"rendered":"Buscando a Serckan en la playa de Lara"},"content":{"rendered":"<p><img loading=\"lazy\" decoding=\"async\" class=\"aligncenter wp-image-55006 size-full\" title=\"Buscando a Serckan en la playa de Lara\" src=\"https:\/\/www.elmundodelasemociones.es\/Weblog\/wp-content\/uploads\/2021\/08\/Buscando-a-Serckan-en-la-playa-de-Lara.png\" alt=\"Buscando a Serckan en la playa de Lara\" width=\"304\" height=\"203\" srcset=\"https:\/\/www.elmundodelasemociones.es\/Weblog\/wp-content\/uploads\/2021\/08\/Buscando-a-Serckan-en-la-playa-de-Lara.png 304w, https:\/\/www.elmundodelasemociones.es\/Weblog\/wp-content\/uploads\/2021\/08\/Buscando-a-Serckan-en-la-playa-de-Lara-300x200.png 300w\" sizes=\"auto, (max-width: 304px) 100vw, 304px\" \/><\/p>\n<p>Ante la ansiedad de Isa, desayunamos r\u00e1pido para irnos al hotel Barut en busca de Sercan. 36 grados. Pleno calor. El taxista nos deja en un descampado junto a la playa de Lara, nada importaba, m\u00e1s que encontrarnos con Serckan&#8230; caminamos, caminamos, seguimos caminando; un hotel, otro hotel. Seguridad por todos lados.<\/p>\n<p>Las gotas de sudor nos invad\u00edan al completo, pero la meta estaba clara: hab\u00eda que reunirse con \u00e9l s\u00ed o s\u00ed. Nos faltaba el agua, escalamos rocas casi desfalleciendo y despu\u00e9s de 2 horas a la intemperie y en un estado de esos en los que nunca nos dispondr\u00edamos al coqueteo, pudimos divisarle en la lejan\u00eda. Estaba s\u00faper guapo y apuesto, no sabemos c\u00f3mo se volte\u00f3 y desde all\u00ed saludo a Isa como si la conocer\u00eda de antes.<\/p>\n<p>Como amiga le suger\u00ed una retirada a tiempo, pues como os dije no est\u00e1bamos en nuestro mejor momento, as\u00ed que Isa se levant\u00f3 le sigui\u00f3 mirando, le tir\u00f3 un beso al aire con la mano, nos dimos media vuelta y nos fuimos todas dignas y fingidas. A\u00fan quedaba la posibilidad de un reencuentro en Estambul.<\/p>\n<p>Despu\u00e9s de una puesta apunt\u00f3 en el hotel, salimos a desquitar nuestro dolor emocional haciendo unas cuantas compras que eso siempre ayuda y cenando un pescado con salsa de almendras fritas con verduras realmente delicioso.<\/p>\n<p>Ma\u00f1ana m\u00e1s&#8230;<\/p>\n","protected":false},"excerpt":{"rendered":"<p><img loading=\"lazy\" decoding=\"async\" class=\"aligncenter wp-image-55006 size-full\" title=\"Buscando a Serckan en la playa de Lara\" src=\"https:\/\/www.elmundodelasemociones.es\/Weblog\/wp-content\/uploads\/2021\/08\/Buscando-a-Serckan-en-la-playa-de-Lara.png\" alt=\"Buscando a Serckan en la playa de Lara\" width=\"304\" height=\"203\" srcset=\"https:\/\/www.elmundodelasemociones.es\/Weblog\/wp-content\/uploads\/2021\/08\/Buscando-a-Serckan-en-la-playa-de-Lara.png 304w, https:\/\/www.elmundodelasemociones.es\/Weblog\/wp-content\/uploads\/2021\/08\/Buscando-a-Serckan-en-la-playa-de-Lara-300x200.png 300w\" sizes=\"auto, (max-width: 304px) 100vw, 304px\" \/><\/p>\n<p>Ante la ansiedad de Isa, desayunamos r\u00e1pido para irnos al hotel Barut en busca de Sercan. 36 grados. Pleno calor. El taxista nos deja en un descampado junto a la playa de Lara, nada importaba, m\u00e1s que encontrarnos con Serckan&#8230; caminamos, caminamos, seguimos caminando; un hotel, otro hotel. Seguridad por todos lados.<\/p>\n<p>Las gotas de sudor nos invad\u00edan al completo, pero la meta estaba clara: hab\u00eda que reunirse con \u00e9l s\u00ed o s\u00ed. Nos faltaba el agua, escalamos rocas casi desfalleciendo y despu\u00e9s de 2 horas a la intemperie y en un estado de esos en los que nunca nos dispondr\u00edamos al coqueteo, pudimos divisarle en la lejan\u00eda. Estaba s\u00faper guapo y apuesto, no sabemos c\u00f3mo se volte\u00f3 y desde all\u00ed saludo a Isa como si la conocer\u00eda de antes.<\/p>\n","protected":false},"author":1,"featured_media":0,"comment_status":"open","ping_status":"open","sticky":false,"template":"","format":"standard","meta":{"_jetpack_memberships_contains_paid_content":false,"footnotes":""},"categories":[1927],"tags":[],"class_list":["post-55003","post","type-post","status-publish","format-standard","hentry","category-el-diario-de-maryam"],"yoast_head":"<!-- This site is optimized with the Yoast SEO plugin v27.5 - https:\/\/yoast.com\/product\/yoast-seo-wordpress\/ -->\n<title>Buscando a Serckan en la playa de Lara - El mundo de las emociones<\/title>\n<meta name=\"description\" content=\"Ante la ansiedad de Isa, desayunamos r\u00e1pido para irnos al hotel Barut en busca de Sercan.\" \/>\n<meta name=\"robots\" content=\"index, follow, max-snippet:-1, max-image-preview:large, max-video-preview:-1\" \/>\n<link rel=\"canonical\" href=\"https:\/\/www.elmundodelasemociones.es\/Weblog\/buscando-a-serckan-en-la-playa-de-lara\/\" \/>\n<meta property=\"og:locale\" content=\"es_ES\" \/>\n<meta property=\"og:type\" content=\"article\" \/>\n<meta property=\"og:title\" content=\"Buscando a Serckan en la playa de Lara - El mundo de las emociones\" \/>\n<meta property=\"og:description\" content=\"Ante la ansiedad de Isa, desayunamos r\u00e1pido para irnos al hotel Barut en busca de Sercan.\" \/>\n<meta property=\"og:url\" content=\"https:\/\/www.elmundodelasemociones.es\/Weblog\/buscando-a-serckan-en-la-playa-de-lara\/\" \/>\n<meta property=\"og:site_name\" content=\"El mundo de las emociones\" \/>\n<meta property=\"article:published_time\" content=\"2021-08-31T14:58:47+00:00\" \/>\n<meta property=\"article:modified_time\" content=\"2021-08-31T14:59:41+00:00\" \/>\n<meta property=\"og:image\" content=\"https:\/\/www.elmundodelasemociones.es\/Weblog\/wp-content\/uploads\/2021\/08\/Buscando-a-Serckan-en-la-playa-de-Lara.png\" \/>\n<meta name=\"author\" content=\"admin\" \/>\n<meta name=\"twitter:label1\" content=\"Escrito por\" \/>\n\t<meta name=\"twitter:data1\" content=\"admin\" \/>\n\t<meta name=\"twitter:label2\" content=\"Tiempo de lectura\" \/>\n\t<meta name=\"twitter:data2\" content=\"1 minuto\" \/>\n<script type=\"application\/ld+json\" class=\"yoast-schema-graph\">{\"@context\":\"https:\\\/\\\/schema.org\",\"@graph\":[{\"@type\":\"Article\",\"@id\":\"https:\\\/\\\/www.elmundodelasemociones.es\\\/Weblog\\\/buscando-a-serckan-en-la-playa-de-lara\\\/#article\",\"isPartOf\":{\"@id\":\"https:\\\/\\\/www.elmundodelasemociones.es\\\/Weblog\\\/buscando-a-serckan-en-la-playa-de-lara\\\/\"},\"author\":{\"name\":\"admin\",\"@id\":\"https:\\\/\\\/www.elmundodelasemociones.es\\\/Weblog\\\/#\\\/schema\\\/person\\\/3347afe65707ef6291e18c43757ebfd8\"},\"headline\":\"Buscando a Serckan en la playa de Lara\",\"datePublished\":\"2021-08-31T14:58:47+00:00\",\"dateModified\":\"2021-08-31T14:59:41+00:00\",\"mainEntityOfPage\":{\"@id\":\"https:\\\/\\\/www.elmundodelasemociones.es\\\/Weblog\\\/buscando-a-serckan-en-la-playa-de-lara\\\/\"},\"wordCount\":243,\"commentCount\":0,\"image\":{\"@id\":\"https:\\\/\\\/www.elmundodelasemociones.es\\\/Weblog\\\/buscando-a-serckan-en-la-playa-de-lara\\\/#primaryimage\"},\"thumbnailUrl\":\"https:\\\/\\\/www.elmundodelasemociones.es\\\/Weblog\\\/wp-content\\\/uploads\\\/2021\\\/08\\\/Buscando-a-Serckan-en-la-playa-de-Lara.png\",\"articleSection\":[\"El Diario de Maryam\"],\"inLanguage\":\"es\",\"potentialAction\":[{\"@type\":\"CommentAction\",\"name\":\"Comment\",\"target\":[\"https:\\\/\\\/www.elmundodelasemociones.es\\\/Weblog\\\/buscando-a-serckan-en-la-playa-de-lara\\\/#respond\"]}]},{\"@type\":\"WebPage\",\"@id\":\"https:\\\/\\\/www.elmundodelasemociones.es\\\/Weblog\\\/buscando-a-serckan-en-la-playa-de-lara\\\/\",\"url\":\"https:\\\/\\\/www.elmundodelasemociones.es\\\/Weblog\\\/buscando-a-serckan-en-la-playa-de-lara\\\/\",\"name\":\"Buscando a Serckan en la playa de Lara - El mundo de las emociones\",\"isPartOf\":{\"@id\":\"https:\\\/\\\/www.elmundodelasemociones.es\\\/Weblog\\\/#website\"},\"primaryImageOfPage\":{\"@id\":\"https:\\\/\\\/www.elmundodelasemociones.es\\\/Weblog\\\/buscando-a-serckan-en-la-playa-de-lara\\\/#primaryimage\"},\"image\":{\"@id\":\"https:\\\/\\\/www.elmundodelasemociones.es\\\/Weblog\\\/buscando-a-serckan-en-la-playa-de-lara\\\/#primaryimage\"},\"thumbnailUrl\":\"https:\\\/\\\/www.elmundodelasemociones.es\\\/Weblog\\\/wp-content\\\/uploads\\\/2021\\\/08\\\/Buscando-a-Serckan-en-la-playa-de-Lara.png\",\"datePublished\":\"2021-08-31T14:58:47+00:00\",\"dateModified\":\"2021-08-31T14:59:41+00:00\",\"author\":{\"@id\":\"https:\\\/\\\/www.elmundodelasemociones.es\\\/Weblog\\\/#\\\/schema\\\/person\\\/3347afe65707ef6291e18c43757ebfd8\"},\"description\":\"Ante la ansiedad de Isa, desayunamos r\u00e1pido para irnos al hotel Barut en busca de Sercan.\",\"breadcrumb\":{\"@id\":\"https:\\\/\\\/www.elmundodelasemociones.es\\\/Weblog\\\/buscando-a-serckan-en-la-playa-de-lara\\\/#breadcrumb\"},\"inLanguage\":\"es\",\"potentialAction\":[{\"@type\":\"ReadAction\",\"target\":[\"https:\\\/\\\/www.elmundodelasemociones.es\\\/Weblog\\\/buscando-a-serckan-en-la-playa-de-lara\\\/\"]}]},{\"@type\":\"ImageObject\",\"inLanguage\":\"es\",\"@id\":\"https:\\\/\\\/www.elmundodelasemociones.es\\\/Weblog\\\/buscando-a-serckan-en-la-playa-de-lara\\\/#primaryimage\",\"url\":\"https:\\\/\\\/www.elmundodelasemociones.es\\\/Weblog\\\/wp-content\\\/uploads\\\/2021\\\/08\\\/Buscando-a-Serckan-en-la-playa-de-Lara.png\",\"contentUrl\":\"https:\\\/\\\/www.elmundodelasemociones.es\\\/Weblog\\\/wp-content\\\/uploads\\\/2021\\\/08\\\/Buscando-a-Serckan-en-la-playa-de-Lara.png\",\"width\":304,\"height\":203},{\"@type\":\"BreadcrumbList\",\"@id\":\"https:\\\/\\\/www.elmundodelasemociones.es\\\/Weblog\\\/buscando-a-serckan-en-la-playa-de-lara\\\/#breadcrumb\",\"itemListElement\":[{\"@type\":\"ListItem\",\"position\":1,\"name\":\"Portada\",\"item\":\"https:\\\/\\\/www.elmundodelasemociones.es\\\/Weblog\\\/\"},{\"@type\":\"ListItem\",\"position\":2,\"name\":\"Buscando a Serckan en la playa de Lara\"}]},{\"@type\":\"WebSite\",\"@id\":\"https:\\\/\\\/www.elmundodelasemociones.es\\\/Weblog\\\/#website\",\"url\":\"https:\\\/\\\/www.elmundodelasemociones.es\\\/Weblog\\\/\",\"name\":\"El mundo de las emociones\",\"description\":\"El blog de &quot;el mundo de las emociones&quot;\",\"potentialAction\":[{\"@type\":\"SearchAction\",\"target\":{\"@type\":\"EntryPoint\",\"urlTemplate\":\"https:\\\/\\\/www.elmundodelasemociones.es\\\/Weblog\\\/?s={search_term_string}\"},\"query-input\":{\"@type\":\"PropertyValueSpecification\",\"valueRequired\":true,\"valueName\":\"search_term_string\"}}],\"inLanguage\":\"es\"},{\"@type\":\"Person\",\"@id\":\"https:\\\/\\\/www.elmundodelasemociones.es\\\/Weblog\\\/#\\\/schema\\\/person\\\/3347afe65707ef6291e18c43757ebfd8\",\"name\":\"admin\",\"image\":{\"@type\":\"ImageObject\",\"inLanguage\":\"es\",\"@id\":\"https:\\\/\\\/secure.gravatar.com\\\/avatar\\\/7c19c60a03e6b3ce43d6bb77b94f6e396240f2be922af03898f53886977d5d60?s=96&d=mm&r=g\",\"url\":\"https:\\\/\\\/secure.gravatar.com\\\/avatar\\\/7c19c60a03e6b3ce43d6bb77b94f6e396240f2be922af03898f53886977d5d60?s=96&d=mm&r=g\",\"contentUrl\":\"https:\\\/\\\/secure.gravatar.com\\\/avatar\\\/7c19c60a03e6b3ce43d6bb77b94f6e396240f2be922af03898f53886977d5d60?s=96&d=mm&r=g\",\"caption\":\"admin\"},\"sameAs\":[\"http:\\\/\\\/www.elmundodelasemociones.es\"],\"url\":\"https:\\\/\\\/www.elmundodelasemociones.es\\\/Weblog\\\/author\\\/admin\\\/\"}]}<\/script>\n<!-- \/ Yoast SEO plugin. -->","yoast_head_json":{"title":"Buscando a Serckan en la playa de Lara - El mundo de las emociones","description":"Ante la ansiedad de Isa, desayunamos r\u00e1pido para irnos al hotel Barut en busca de Sercan.","robots":{"index":"index","follow":"follow","max-snippet":"max-snippet:-1","max-image-preview":"max-image-preview:large","max-video-preview":"max-video-preview:-1"},"canonical":"https:\/\/www.elmundodelasemociones.es\/Weblog\/buscando-a-serckan-en-la-playa-de-lara\/","og_locale":"es_ES","og_type":"article","og_title":"Buscando a Serckan en la playa de Lara - El mundo de las emociones","og_description":"Ante la ansiedad de Isa, desayunamos r\u00e1pido para irnos al hotel Barut en busca de Sercan.","og_url":"https:\/\/www.elmundodelasemociones.es\/Weblog\/buscando-a-serckan-en-la-playa-de-lara\/","og_site_name":"El mundo de las emociones","article_published_time":"2021-08-31T14:58:47+00:00","article_modified_time":"2021-08-31T14:59:41+00:00","og_image":[{"url":"https:\/\/www.elmundodelasemociones.es\/Weblog\/wp-content\/uploads\/2021\/08\/Buscando-a-Serckan-en-la-playa-de-Lara.png","type":"","width":"","height":""}],"author":"admin","twitter_misc":{"Escrito por":"admin","Tiempo de lectura":"1 minuto"},"schema":{"@context":"https:\/\/schema.org","@graph":[{"@type":"Article","@id":"https:\/\/www.elmundodelasemociones.es\/Weblog\/buscando-a-serckan-en-la-playa-de-lara\/#article","isPartOf":{"@id":"https:\/\/www.elmundodelasemociones.es\/Weblog\/buscando-a-serckan-en-la-playa-de-lara\/"},"author":{"name":"admin","@id":"https:\/\/www.elmundodelasemociones.es\/Weblog\/#\/schema\/person\/3347afe65707ef6291e18c43757ebfd8"},"headline":"Buscando a Serckan en la playa de Lara","datePublished":"2021-08-31T14:58:47+00:00","dateModified":"2021-08-31T14:59:41+00:00","mainEntityOfPage":{"@id":"https:\/\/www.elmundodelasemociones.es\/Weblog\/buscando-a-serckan-en-la-playa-de-lara\/"},"wordCount":243,"commentCount":0,"image":{"@id":"https:\/\/www.elmundodelasemociones.es\/Weblog\/buscando-a-serckan-en-la-playa-de-lara\/#primaryimage"},"thumbnailUrl":"https:\/\/www.elmundodelasemociones.es\/Weblog\/wp-content\/uploads\/2021\/08\/Buscando-a-Serckan-en-la-playa-de-Lara.png","articleSection":["El Diario de Maryam"],"inLanguage":"es","potentialAction":[{"@type":"CommentAction","name":"Comment","target":["https:\/\/www.elmundodelasemociones.es\/Weblog\/buscando-a-serckan-en-la-playa-de-lara\/#respond"]}]},{"@type":"WebPage","@id":"https:\/\/www.elmundodelasemociones.es\/Weblog\/buscando-a-serckan-en-la-playa-de-lara\/","url":"https:\/\/www.elmundodelasemociones.es\/Weblog\/buscando-a-serckan-en-la-playa-de-lara\/","name":"Buscando a Serckan en la playa de Lara - El mundo de las emociones","isPartOf":{"@id":"https:\/\/www.elmundodelasemociones.es\/Weblog\/#website"},"primaryImageOfPage":{"@id":"https:\/\/www.elmundodelasemociones.es\/Weblog\/buscando-a-serckan-en-la-playa-de-lara\/#primaryimage"},"image":{"@id":"https:\/\/www.elmundodelasemociones.es\/Weblog\/buscando-a-serckan-en-la-playa-de-lara\/#primaryimage"},"thumbnailUrl":"https:\/\/www.elmundodelasemociones.es\/Weblog\/wp-content\/uploads\/2021\/08\/Buscando-a-Serckan-en-la-playa-de-Lara.png","datePublished":"2021-08-31T14:58:47+00:00","dateModified":"2021-08-31T14:59:41+00:00","author":{"@id":"https:\/\/www.elmundodelasemociones.es\/Weblog\/#\/schema\/person\/3347afe65707ef6291e18c43757ebfd8"},"description":"Ante la ansiedad de Isa, desayunamos r\u00e1pido para irnos al hotel Barut en busca de Sercan.","breadcrumb":{"@id":"https:\/\/www.elmundodelasemociones.es\/Weblog\/buscando-a-serckan-en-la-playa-de-lara\/#breadcrumb"},"inLanguage":"es","potentialAction":[{"@type":"ReadAction","target":["https:\/\/www.elmundodelasemociones.es\/Weblog\/buscando-a-serckan-en-la-playa-de-lara\/"]}]},{"@type":"ImageObject","inLanguage":"es","@id":"https:\/\/www.elmundodelasemociones.es\/Weblog\/buscando-a-serckan-en-la-playa-de-lara\/#primaryimage","url":"https:\/\/www.elmundodelasemociones.es\/Weblog\/wp-content\/uploads\/2021\/08\/Buscando-a-Serckan-en-la-playa-de-Lara.png","contentUrl":"https:\/\/www.elmundodelasemociones.es\/Weblog\/wp-content\/uploads\/2021\/08\/Buscando-a-Serckan-en-la-playa-de-Lara.png","width":304,"height":203},{"@type":"BreadcrumbList","@id":"https:\/\/www.elmundodelasemociones.es\/Weblog\/buscando-a-serckan-en-la-playa-de-lara\/#breadcrumb","itemListElement":[{"@type":"ListItem","position":1,"name":"Portada","item":"https:\/\/www.elmundodelasemociones.es\/Weblog\/"},{"@type":"ListItem","position":2,"name":"Buscando a Serckan en la playa de Lara"}]},{"@type":"WebSite","@id":"https:\/\/www.elmundodelasemociones.es\/Weblog\/#website","url":"https:\/\/www.elmundodelasemociones.es\/Weblog\/","name":"El mundo de las emociones","description":"El blog de &quot;el mundo de las emociones&quot;","potentialAction":[{"@type":"SearchAction","target":{"@type":"EntryPoint","urlTemplate":"https:\/\/www.elmundodelasemociones.es\/Weblog\/?s={search_term_string}"},"query-input":{"@type":"PropertyValueSpecification","valueRequired":true,"valueName":"search_term_string"}}],"inLanguage":"es"},{"@type":"Person","@id":"https:\/\/www.elmundodelasemociones.es\/Weblog\/#\/schema\/person\/3347afe65707ef6291e18c43757ebfd8","name":"admin","image":{"@type":"ImageObject","inLanguage":"es","@id":"https:\/\/secure.gravatar.com\/avatar\/7c19c60a03e6b3ce43d6bb77b94f6e396240f2be922af03898f53886977d5d60?s=96&d=mm&r=g","url":"https:\/\/secure.gravatar.com\/avatar\/7c19c60a03e6b3ce43d6bb77b94f6e396240f2be922af03898f53886977d5d60?s=96&d=mm&r=g","contentUrl":"https:\/\/secure.gravatar.com\/avatar\/7c19c60a03e6b3ce43d6bb77b94f6e396240f2be922af03898f53886977d5d60?s=96&d=mm&r=g","caption":"admin"},"sameAs":["http:\/\/www.elmundodelasemociones.es"],"url":"https:\/\/www.elmundodelasemociones.es\/Weblog\/author\/admin\/"}]}},"jetpack_featured_media_url":"","jetpack_sharing_enabled":true,"jetpack_shortlink":"https:\/\/wp.me\/p82iJT-ej9","_links":{"self":[{"href":"https:\/\/www.elmundodelasemociones.es\/Weblog\/wp-json\/wp\/v2\/posts\/55003","targetHints":{"allow":["GET"]}}],"collection":[{"href":"https:\/\/www.elmundodelasemociones.es\/Weblog\/wp-json\/wp\/v2\/posts"}],"about":[{"href":"https:\/\/www.elmundodelasemociones.es\/Weblog\/wp-json\/wp\/v2\/types\/post"}],"author":[{"embeddable":true,"href":"https:\/\/www.elmundodelasemociones.es\/Weblog\/wp-json\/wp\/v2\/users\/1"}],"replies":[{"embeddable":true,"href":"https:\/\/www.elmundodelasemociones.es\/Weblog\/wp-json\/wp\/v2\/comments?post=55003"}],"version-history":[{"count":2,"href":"https:\/\/www.elmundodelasemociones.es\/Weblog\/wp-json\/wp\/v2\/posts\/55003\/revisions"}],"predecessor-version":[{"id":55008,"href":"https:\/\/www.elmundodelasemociones.es\/Weblog\/wp-json\/wp\/v2\/posts\/55003\/revisions\/55008"}],"wp:attachment":[{"href":"https:\/\/www.elmundodelasemociones.es\/Weblog\/wp-json\/wp\/v2\/media?parent=55003"}],"wp:term":[{"taxonomy":"category","embeddable":true,"href":"https:\/\/www.elmundodelasemociones.es\/Weblog\/wp-json\/wp\/v2\/categories?post=55003"},{"taxonomy":"post_tag","embeddable":true,"href":"https:\/\/www.elmundodelasemociones.es\/Weblog\/wp-json\/wp\/v2\/tags?post=55003"}],"curies":[{"name":"wp","href":"https:\/\/api.w.org\/{rel}","templated":true}]}}