{"id":473,"date":"2010-08-26T02:01:53","date_gmt":"2010-08-26T01:01:53","guid":{"rendered":"https:\/\/www.elmundodelasemociones.es\/Weblog\/?p=473"},"modified":"2013-11-24T15:44:15","modified_gmt":"2013-11-24T14:44:15","slug":"lilly-mi-perrita-dominicana","status":"publish","type":"post","link":"https:\/\/www.elmundodelasemociones.es\/Weblog\/lilly-mi-perrita-dominicana\/","title":{"rendered":"Lilly, mi perrita dominicana"},"content":{"rendered":"<p style=\"text-align: center;\"><img loading=\"lazy\" decoding=\"async\" class=\"aligncenter size-medium wp-image-475\" title=\"Lilly\" src=\"https:\/\/www.elmundodelasemociones.es\/Weblog\/wp-content\/uploads\/2010\/08\/P10605741-300x225.jpg\" alt=\"\" width=\"300\" height=\"225\" srcset=\"https:\/\/www.elmundodelasemociones.es\/Weblog\/wp-content\/uploads\/2010\/08\/P10605741-300x225.jpg 300w, https:\/\/www.elmundodelasemociones.es\/Weblog\/wp-content\/uploads\/2010\/08\/P10605741-1024x768.jpg 1024w\" sizes=\"auto, (max-width: 300px) 100vw, 300px\" \/><\/p>\n<p><strong>Creo que nunca os he hablado de Lilly, la perrita de Villa las Playas, es una perrita de esas hijas del amor, y como tal supertierna.<\/strong><\/p>\n<p>Siempre est\u00e1 con nosotros en la varanda, y cuando salimos a pasear nos acompa\u00f1a a todos lados.<\/p>\n<p>Hoy llov\u00eda y nos fuimos en moto, y ha llegado casi de noche mal herida y un tanto arisca, no sabemos que le pudo pasar, pero s\u00ed sabemos que esta temerosa y triste.<\/p>\n<p><strong>\u00a1Como hay personas que a\u00fan pueden decir que los perros no sienten!<\/strong><\/p>\n","protected":false},"excerpt":{"rendered":"<p style=\"text-align: center;\"><img loading=\"lazy\" decoding=\"async\" class=\"aligncenter size-medium wp-image-475\" title=\"Lilly\" src=\"https:\/\/www.elmundodelasemociones.es\/Weblog\/wp-content\/uploads\/2010\/08\/P10605741-300x225.jpg\" alt=\"\" width=\"300\" height=\"225\" srcset=\"https:\/\/www.elmundodelasemociones.es\/Weblog\/wp-content\/uploads\/2010\/08\/P10605741-300x225.jpg 300w, https:\/\/www.elmundodelasemociones.es\/Weblog\/wp-content\/uploads\/2010\/08\/P10605741-1024x768.jpg 1024w\" sizes=\"auto, (max-width: 300px) 100vw, 300px\" \/><\/p>\n<p><strong>Creo que nunca os he hablado de Lilly, la perrita de Villa las Playas, es una perrita de esas hijas del amor, y como tal supertierna.<\/strong><\/p>\n<p>Siempre est\u00e1 con nosotros en la varanda, y cuando salimos a pasear nos acompa\u00f1a a todos lados.<\/p>\n<p>Hoy llov\u00eda y nos fuimos en moto, y ha llegado casi de noche mal herida y un tanto arisca, no sabemos que le pudo pasar, pero s\u00ed sabemos que esta temerosa y triste.<\/p>\n<p><strong>\u00a1Como hay personas que a\u00fan pueden decir que los perros no sienten!<\/strong><\/p>\n","protected":false},"author":1,"featured_media":0,"comment_status":"open","ping_status":"open","sticky":false,"template":"","format":"standard","meta":{"_jetpack_memberships_contains_paid_content":false,"footnotes":""},"categories":[1339],"tags":[348,59,353,347,352,345,341,351,342,343,354,85,349,346,350,344],"class_list":["post-473","post","type-post","status-publish","format-standard","hentry","category-como-ser-feliz","tag-acompanar","tag-amor","tag-arisca","tag-compania","tag-herida","tag-hija","tag-lilly","tag-llover","tag-perro","tag-republica-dominicana","tag-sentir","tag-siempre","tag-temor","tag-ternura","tag-triste","tag-villa-las-playas"],"yoast_head":"<!-- This site is optimized with the Yoast SEO plugin v27.5 - https:\/\/yoast.com\/product\/yoast-seo-wordpress\/ -->\n<title>Lilly, mi perrita dominicana - El mundo de las emociones<\/title>\n<meta name=\"robots\" content=\"index, follow, max-snippet:-1, max-image-preview:large, max-video-preview:-1\" \/>\n<link rel=\"canonical\" href=\"https:\/\/www.elmundodelasemociones.es\/Weblog\/lilly-mi-perrita-dominicana\/\" \/>\n<meta property=\"og:locale\" content=\"es_ES\" \/>\n<meta property=\"og:type\" content=\"article\" \/>\n<meta property=\"og:title\" content=\"Lilly, mi perrita dominicana - El mundo de las emociones\" \/>\n<meta property=\"og:description\" content=\"Creo que nunca os he hablado de Lilly, la perrita de Villa las Playas, es una perrita de esas hijas del amor, y como tal supertierna.  Siempre est\u00e1 con nosotros en la varanda, y cuando salimos a pasear nos acompa\u00f1a a todos lados.  Hoy llov\u00eda y nos fuimos en moto, y ha llegado casi de noche mal herida y un tanto arisca, no sabemos que le pudo pasar, pero s\u00ed sabemos que esta temerosa y triste.  \u00a1Como hay personas que a\u00fan pueden decir que los perros no sienten!\" \/>\n<meta property=\"og:url\" content=\"https:\/\/www.elmundodelasemociones.es\/Weblog\/lilly-mi-perrita-dominicana\/\" \/>\n<meta property=\"og:site_name\" content=\"El mundo de las emociones\" \/>\n<meta property=\"article:published_time\" content=\"2010-08-26T01:01:53+00:00\" \/>\n<meta property=\"article:modified_time\" content=\"2013-11-24T14:44:15+00:00\" \/>\n<meta property=\"og:image\" content=\"https:\/\/www.elmundodelasemociones.es\/Weblog\/wp-content\/uploads\/2010\/08\/P10605741-300x225.jpg\" \/>\n<meta name=\"author\" content=\"admin\" \/>\n<meta name=\"twitter:label1\" content=\"Escrito por\" \/>\n\t<meta name=\"twitter:data1\" content=\"admin\" \/>\n<script type=\"application\/ld+json\" class=\"yoast-schema-graph\">{\"@context\":\"https:\\\/\\\/schema.org\",\"@graph\":[{\"@type\":\"Article\",\"@id\":\"https:\\\/\\\/www.elmundodelasemociones.es\\\/Weblog\\\/lilly-mi-perrita-dominicana\\\/#article\",\"isPartOf\":{\"@id\":\"https:\\\/\\\/www.elmundodelasemociones.es\\\/Weblog\\\/lilly-mi-perrita-dominicana\\\/\"},\"author\":{\"name\":\"admin\",\"@id\":\"https:\\\/\\\/www.elmundodelasemociones.es\\\/Weblog\\\/#\\\/schema\\\/person\\\/3347afe65707ef6291e18c43757ebfd8\"},\"headline\":\"Lilly, mi perrita dominicana\",\"datePublished\":\"2010-08-26T01:01:53+00:00\",\"dateModified\":\"2013-11-24T14:44:15+00:00\",\"mainEntityOfPage\":{\"@id\":\"https:\\\/\\\/www.elmundodelasemociones.es\\\/Weblog\\\/lilly-mi-perrita-dominicana\\\/\"},\"wordCount\":95,\"commentCount\":0,\"image\":{\"@id\":\"https:\\\/\\\/www.elmundodelasemociones.es\\\/Weblog\\\/lilly-mi-perrita-dominicana\\\/#primaryimage\"},\"thumbnailUrl\":\"https:\\\/\\\/www.elmundodelasemociones.es\\\/Weblog\\\/wp-content\\\/uploads\\\/2010\\\/08\\\/P10605741-300x225.jpg\",\"keywords\":[\"acompa\u00f1ar\",\"amor\",\"arisca\",\"compa\u00f1\u00eda\",\"herida\",\"hija\",\"Lilly\",\"llover\",\"perro\",\"Rep\u00fablica Dominicana\",\"sentir\",\"siempre\",\"temor\",\"ternura\",\"triste\",\"Villa las Playas\"],\"articleSection\":[\"C\u00f3mo ser feliz\"],\"inLanguage\":\"es\",\"potentialAction\":[{\"@type\":\"CommentAction\",\"name\":\"Comment\",\"target\":[\"https:\\\/\\\/www.elmundodelasemociones.es\\\/Weblog\\\/lilly-mi-perrita-dominicana\\\/#respond\"]}]},{\"@type\":\"WebPage\",\"@id\":\"https:\\\/\\\/www.elmundodelasemociones.es\\\/Weblog\\\/lilly-mi-perrita-dominicana\\\/\",\"url\":\"https:\\\/\\\/www.elmundodelasemociones.es\\\/Weblog\\\/lilly-mi-perrita-dominicana\\\/\",\"name\":\"Lilly, mi perrita dominicana - El mundo de las emociones\",\"isPartOf\":{\"@id\":\"https:\\\/\\\/www.elmundodelasemociones.es\\\/Weblog\\\/#website\"},\"primaryImageOfPage\":{\"@id\":\"https:\\\/\\\/www.elmundodelasemociones.es\\\/Weblog\\\/lilly-mi-perrita-dominicana\\\/#primaryimage\"},\"image\":{\"@id\":\"https:\\\/\\\/www.elmundodelasemociones.es\\\/Weblog\\\/lilly-mi-perrita-dominicana\\\/#primaryimage\"},\"thumbnailUrl\":\"https:\\\/\\\/www.elmundodelasemociones.es\\\/Weblog\\\/wp-content\\\/uploads\\\/2010\\\/08\\\/P10605741-300x225.jpg\",\"datePublished\":\"2010-08-26T01:01:53+00:00\",\"dateModified\":\"2013-11-24T14:44:15+00:00\",\"author\":{\"@id\":\"https:\\\/\\\/www.elmundodelasemociones.es\\\/Weblog\\\/#\\\/schema\\\/person\\\/3347afe65707ef6291e18c43757ebfd8\"},\"breadcrumb\":{\"@id\":\"https:\\\/\\\/www.elmundodelasemociones.es\\\/Weblog\\\/lilly-mi-perrita-dominicana\\\/#breadcrumb\"},\"inLanguage\":\"es\",\"potentialAction\":[{\"@type\":\"ReadAction\",\"target\":[\"https:\\\/\\\/www.elmundodelasemociones.es\\\/Weblog\\\/lilly-mi-perrita-dominicana\\\/\"]}]},{\"@type\":\"ImageObject\",\"inLanguage\":\"es\",\"@id\":\"https:\\\/\\\/www.elmundodelasemociones.es\\\/Weblog\\\/lilly-mi-perrita-dominicana\\\/#primaryimage\",\"url\":\"https:\\\/\\\/www.elmundodelasemociones.es\\\/Weblog\\\/wp-content\\\/uploads\\\/2010\\\/08\\\/P10605741.jpg\",\"contentUrl\":\"https:\\\/\\\/www.elmundodelasemociones.es\\\/Weblog\\\/wp-content\\\/uploads\\\/2010\\\/08\\\/P10605741.jpg\",\"width\":\"3648\",\"height\":\"2736\"},{\"@type\":\"BreadcrumbList\",\"@id\":\"https:\\\/\\\/www.elmundodelasemociones.es\\\/Weblog\\\/lilly-mi-perrita-dominicana\\\/#breadcrumb\",\"itemListElement\":[{\"@type\":\"ListItem\",\"position\":1,\"name\":\"Portada\",\"item\":\"https:\\\/\\\/www.elmundodelasemociones.es\\\/Weblog\\\/\"},{\"@type\":\"ListItem\",\"position\":2,\"name\":\"Lilly, mi perrita dominicana\"}]},{\"@type\":\"WebSite\",\"@id\":\"https:\\\/\\\/www.elmundodelasemociones.es\\\/Weblog\\\/#website\",\"url\":\"https:\\\/\\\/www.elmundodelasemociones.es\\\/Weblog\\\/\",\"name\":\"El mundo de las emociones\",\"description\":\"El blog de &quot;el mundo de las emociones&quot;\",\"potentialAction\":[{\"@type\":\"SearchAction\",\"target\":{\"@type\":\"EntryPoint\",\"urlTemplate\":\"https:\\\/\\\/www.elmundodelasemociones.es\\\/Weblog\\\/?s={search_term_string}\"},\"query-input\":{\"@type\":\"PropertyValueSpecification\",\"valueRequired\":true,\"valueName\":\"search_term_string\"}}],\"inLanguage\":\"es\"},{\"@type\":\"Person\",\"@id\":\"https:\\\/\\\/www.elmundodelasemociones.es\\\/Weblog\\\/#\\\/schema\\\/person\\\/3347afe65707ef6291e18c43757ebfd8\",\"name\":\"admin\",\"image\":{\"@type\":\"ImageObject\",\"inLanguage\":\"es\",\"@id\":\"https:\\\/\\\/secure.gravatar.com\\\/avatar\\\/7c19c60a03e6b3ce43d6bb77b94f6e396240f2be922af03898f53886977d5d60?s=96&d=mm&r=g\",\"url\":\"https:\\\/\\\/secure.gravatar.com\\\/avatar\\\/7c19c60a03e6b3ce43d6bb77b94f6e396240f2be922af03898f53886977d5d60?s=96&d=mm&r=g\",\"contentUrl\":\"https:\\\/\\\/secure.gravatar.com\\\/avatar\\\/7c19c60a03e6b3ce43d6bb77b94f6e396240f2be922af03898f53886977d5d60?s=96&d=mm&r=g\",\"caption\":\"admin\"},\"sameAs\":[\"http:\\\/\\\/www.elmundodelasemociones.es\"],\"url\":\"https:\\\/\\\/www.elmundodelasemociones.es\\\/Weblog\\\/author\\\/admin\\\/\"}]}<\/script>\n<!-- \/ Yoast SEO plugin. -->","yoast_head_json":{"title":"Lilly, mi perrita dominicana - El mundo de las emociones","robots":{"index":"index","follow":"follow","max-snippet":"max-snippet:-1","max-image-preview":"max-image-preview:large","max-video-preview":"max-video-preview:-1"},"canonical":"https:\/\/www.elmundodelasemociones.es\/Weblog\/lilly-mi-perrita-dominicana\/","og_locale":"es_ES","og_type":"article","og_title":"Lilly, mi perrita dominicana - El mundo de las emociones","og_description":"Creo que nunca os he hablado de Lilly, la perrita de Villa las Playas, es una perrita de esas hijas del amor, y como tal supertierna.  Siempre est\u00e1 con nosotros en la varanda, y cuando salimos a pasear nos acompa\u00f1a a todos lados.  Hoy llov\u00eda y nos fuimos en moto, y ha llegado casi de noche mal herida y un tanto arisca, no sabemos que le pudo pasar, pero s\u00ed sabemos que esta temerosa y triste.  \u00a1Como hay personas que a\u00fan pueden decir que los perros no sienten!","og_url":"https:\/\/www.elmundodelasemociones.es\/Weblog\/lilly-mi-perrita-dominicana\/","og_site_name":"El mundo de las emociones","article_published_time":"2010-08-26T01:01:53+00:00","article_modified_time":"2013-11-24T14:44:15+00:00","og_image":[{"url":"https:\/\/www.elmundodelasemociones.es\/Weblog\/wp-content\/uploads\/2010\/08\/P10605741-300x225.jpg","type":"","width":"","height":""}],"author":"admin","twitter_misc":{"Escrito por":"admin"},"schema":{"@context":"https:\/\/schema.org","@graph":[{"@type":"Article","@id":"https:\/\/www.elmundodelasemociones.es\/Weblog\/lilly-mi-perrita-dominicana\/#article","isPartOf":{"@id":"https:\/\/www.elmundodelasemociones.es\/Weblog\/lilly-mi-perrita-dominicana\/"},"author":{"name":"admin","@id":"https:\/\/www.elmundodelasemociones.es\/Weblog\/#\/schema\/person\/3347afe65707ef6291e18c43757ebfd8"},"headline":"Lilly, mi perrita dominicana","datePublished":"2010-08-26T01:01:53+00:00","dateModified":"2013-11-24T14:44:15+00:00","mainEntityOfPage":{"@id":"https:\/\/www.elmundodelasemociones.es\/Weblog\/lilly-mi-perrita-dominicana\/"},"wordCount":95,"commentCount":0,"image":{"@id":"https:\/\/www.elmundodelasemociones.es\/Weblog\/lilly-mi-perrita-dominicana\/#primaryimage"},"thumbnailUrl":"https:\/\/www.elmundodelasemociones.es\/Weblog\/wp-content\/uploads\/2010\/08\/P10605741-300x225.jpg","keywords":["acompa\u00f1ar","amor","arisca","compa\u00f1\u00eda","herida","hija","Lilly","llover","perro","Rep\u00fablica Dominicana","sentir","siempre","temor","ternura","triste","Villa las Playas"],"articleSection":["C\u00f3mo ser feliz"],"inLanguage":"es","potentialAction":[{"@type":"CommentAction","name":"Comment","target":["https:\/\/www.elmundodelasemociones.es\/Weblog\/lilly-mi-perrita-dominicana\/#respond"]}]},{"@type":"WebPage","@id":"https:\/\/www.elmundodelasemociones.es\/Weblog\/lilly-mi-perrita-dominicana\/","url":"https:\/\/www.elmundodelasemociones.es\/Weblog\/lilly-mi-perrita-dominicana\/","name":"Lilly, mi perrita dominicana - El mundo de las emociones","isPartOf":{"@id":"https:\/\/www.elmundodelasemociones.es\/Weblog\/#website"},"primaryImageOfPage":{"@id":"https:\/\/www.elmundodelasemociones.es\/Weblog\/lilly-mi-perrita-dominicana\/#primaryimage"},"image":{"@id":"https:\/\/www.elmundodelasemociones.es\/Weblog\/lilly-mi-perrita-dominicana\/#primaryimage"},"thumbnailUrl":"https:\/\/www.elmundodelasemociones.es\/Weblog\/wp-content\/uploads\/2010\/08\/P10605741-300x225.jpg","datePublished":"2010-08-26T01:01:53+00:00","dateModified":"2013-11-24T14:44:15+00:00","author":{"@id":"https:\/\/www.elmundodelasemociones.es\/Weblog\/#\/schema\/person\/3347afe65707ef6291e18c43757ebfd8"},"breadcrumb":{"@id":"https:\/\/www.elmundodelasemociones.es\/Weblog\/lilly-mi-perrita-dominicana\/#breadcrumb"},"inLanguage":"es","potentialAction":[{"@type":"ReadAction","target":["https:\/\/www.elmundodelasemociones.es\/Weblog\/lilly-mi-perrita-dominicana\/"]}]},{"@type":"ImageObject","inLanguage":"es","@id":"https:\/\/www.elmundodelasemociones.es\/Weblog\/lilly-mi-perrita-dominicana\/#primaryimage","url":"https:\/\/www.elmundodelasemociones.es\/Weblog\/wp-content\/uploads\/2010\/08\/P10605741.jpg","contentUrl":"https:\/\/www.elmundodelasemociones.es\/Weblog\/wp-content\/uploads\/2010\/08\/P10605741.jpg","width":"3648","height":"2736"},{"@type":"BreadcrumbList","@id":"https:\/\/www.elmundodelasemociones.es\/Weblog\/lilly-mi-perrita-dominicana\/#breadcrumb","itemListElement":[{"@type":"ListItem","position":1,"name":"Portada","item":"https:\/\/www.elmundodelasemociones.es\/Weblog\/"},{"@type":"ListItem","position":2,"name":"Lilly, mi perrita dominicana"}]},{"@type":"WebSite","@id":"https:\/\/www.elmundodelasemociones.es\/Weblog\/#website","url":"https:\/\/www.elmundodelasemociones.es\/Weblog\/","name":"El mundo de las emociones","description":"El blog de &quot;el mundo de las emociones&quot;","potentialAction":[{"@type":"SearchAction","target":{"@type":"EntryPoint","urlTemplate":"https:\/\/www.elmundodelasemociones.es\/Weblog\/?s={search_term_string}"},"query-input":{"@type":"PropertyValueSpecification","valueRequired":true,"valueName":"search_term_string"}}],"inLanguage":"es"},{"@type":"Person","@id":"https:\/\/www.elmundodelasemociones.es\/Weblog\/#\/schema\/person\/3347afe65707ef6291e18c43757ebfd8","name":"admin","image":{"@type":"ImageObject","inLanguage":"es","@id":"https:\/\/secure.gravatar.com\/avatar\/7c19c60a03e6b3ce43d6bb77b94f6e396240f2be922af03898f53886977d5d60?s=96&d=mm&r=g","url":"https:\/\/secure.gravatar.com\/avatar\/7c19c60a03e6b3ce43d6bb77b94f6e396240f2be922af03898f53886977d5d60?s=96&d=mm&r=g","contentUrl":"https:\/\/secure.gravatar.com\/avatar\/7c19c60a03e6b3ce43d6bb77b94f6e396240f2be922af03898f53886977d5d60?s=96&d=mm&r=g","caption":"admin"},"sameAs":["http:\/\/www.elmundodelasemociones.es"],"url":"https:\/\/www.elmundodelasemociones.es\/Weblog\/author\/admin\/"}]}},"jetpack_featured_media_url":"","jetpack_sharing_enabled":true,"jetpack_shortlink":"https:\/\/wp.me\/p82iJT-7D","_links":{"self":[{"href":"https:\/\/www.elmundodelasemociones.es\/Weblog\/wp-json\/wp\/v2\/posts\/473","targetHints":{"allow":["GET"]}}],"collection":[{"href":"https:\/\/www.elmundodelasemociones.es\/Weblog\/wp-json\/wp\/v2\/posts"}],"about":[{"href":"https:\/\/www.elmundodelasemociones.es\/Weblog\/wp-json\/wp\/v2\/types\/post"}],"author":[{"embeddable":true,"href":"https:\/\/www.elmundodelasemociones.es\/Weblog\/wp-json\/wp\/v2\/users\/1"}],"replies":[{"embeddable":true,"href":"https:\/\/www.elmundodelasemociones.es\/Weblog\/wp-json\/wp\/v2\/comments?post=473"}],"version-history":[{"count":0,"href":"https:\/\/www.elmundodelasemociones.es\/Weblog\/wp-json\/wp\/v2\/posts\/473\/revisions"}],"wp:attachment":[{"href":"https:\/\/www.elmundodelasemociones.es\/Weblog\/wp-json\/wp\/v2\/media?parent=473"}],"wp:term":[{"taxonomy":"category","embeddable":true,"href":"https:\/\/www.elmundodelasemociones.es\/Weblog\/wp-json\/wp\/v2\/categories?post=473"},{"taxonomy":"post_tag","embeddable":true,"href":"https:\/\/www.elmundodelasemociones.es\/Weblog\/wp-json\/wp\/v2\/tags?post=473"}],"curies":[{"name":"wp","href":"https:\/\/api.w.org\/{rel}","templated":true}]}}