{"id":2951,"date":"2017-08-24T09:55:11","date_gmt":"2017-08-24T08:55:11","guid":{"rendered":"https:\/\/www.elmundodelasemociones.es\/Weblog\/?p=2951"},"modified":"2017-08-24T09:55:11","modified_gmt":"2017-08-24T08:55:11","slug":"dia-13-las-almas-bonitas-salen-al-encuentro","status":"publish","type":"post","link":"https:\/\/www.elmundodelasemociones.es\/Weblog\/dia-13-las-almas-bonitas-salen-al-encuentro\/","title":{"rendered":"D\u00eda 13: Las almas bonitas salen al encuentro"},"content":{"rendered":"<p><img loading=\"lazy\" decoding=\"async\" class=\"aligncenter size-full wp-image-2952\" src=\"https:\/\/www.elmundodelasemociones.es\/Weblog\/wp-content\/uploads\/2017\/08\/dia_13.png\" alt=\"D\u00eda 13: Las almas bonitas salen al encuentro\" width=\"304\" height=\"227\" srcset=\"https:\/\/www.elmundodelasemociones.es\/Weblog\/wp-content\/uploads\/2017\/08\/dia_13.png 304w, https:\/\/www.elmundodelasemociones.es\/Weblog\/wp-content\/uploads\/2017\/08\/dia_13-300x224.png 300w\" sizes=\"auto, (max-width: 304px) 100vw, 304px\" \/><\/p>\n<p><strong>Ayer pasamos un d\u00eda completo de playa, nos apetec\u00eda esta relajadas y tomar un poco el sol,<\/strong> nos hab\u00edamos quedado <strong>blancas como el algod\u00f3n<\/strong>. Despu\u00e9s de desayunar tomamos un taxi para ir a <strong>playa blanca.<\/strong> Estaba atestada de gente, pero siguiendo las indicaciones de Olga, caminamos media hora por la playa hasta llegar a una zona tranquila, <strong>all\u00ed pasamos el d\u00eda ba\u00f1\u00e1ndonos, bronce\u00e1ndonos y comiendo pez sierra<\/strong> a la plancha. Lo pasamos requeterico.<\/p>\n<p>Al regreso <strong>Olga,<\/strong> la propietaria del hotel <strong>nos cont\u00f3 la historia de como ella hab\u00eda terminado aqu\u00ed.<\/strong> Toda una hero\u00edna. Su marido <strong>compr\u00f3 la tierra sin verla y tardaron 2 a\u00f1os en venir.<\/strong> Cuando llegaron se encontraron que el terreno era <strong>poco m\u00e1s que una selva en un manglar,<\/strong> hab\u00eda osos hormigueros, culebras y todo tipo de animales.<\/p>\n<p>Poco a poco fueron arreglando el terreno y construyendo una casita en la que poder quedarse. Un d\u00eda <strong>a su marido le dieron un mal diagn\u00f3stico: 3 meses de vida.<\/strong> Decidi\u00f3 que quer\u00eda morirse en playa Manglares, con lo que de Nueva York se vinieron para ac\u00e1. En esa \u00e9poca <strong>s\u00f3lo se pod\u00eda llegar en barco o en burro,<\/strong> con un enfermo toda una odisea. <strong>Fueron pasando los meses y el en lugar de morir mejoraba,<\/strong> tanto que vivi\u00f3 10 a\u00f1os m\u00e1s. Los m\u00e9dicos jam\u00e1s se lo explicaron.<\/p>\n<p>A los 10 a\u00f1os se muri\u00f3 charlando con ella, se apag\u00f3 como un pajarito sin darse cuenta. Olga, una artista de la fotograf\u00eda, <strong>se encontr\u00f3 con 50 a\u00f1os teniendo que decidir su porvenir.<\/strong> Ten\u00eda un hijo en Francia y otra en USA con los que se pod\u00eda ir. Tambi\u00e9n pod\u00eda reinventarse en su oficio, pero en cambio <strong>decidi\u00f3 brear sola con este negocio y echarlo para adelante.<\/strong> Desesper\u00f3 varias veces y apunto estuvo de tirar la toalla, y fue justo entonces cuando acept\u00f3 que <strong>hab\u00eda fracasado y que no pod\u00eda luchar en contra de la vida,<\/strong> cuando el destino le cambi\u00f3 y aparecieron los primeros clientes y as\u00ed de boca en boca se fue tejiendo una red de almas bonitas que la est\u00e1n ayudando a mantenerlo en pie.<\/p>\n<p><strong>La gran lecci\u00f3n es que aquello contra lo que luchas, contraataca.<\/strong> En aquello que puedes aceptar y agradecer, puedes influir y controlar. Por eso <strong>es necesario acostumbrarse a aceptar lo que la vida traiga consigo,<\/strong> y dejar atr\u00e1s el h\u00e1bito de sentir miedo por lo que pueda suceder.<\/p>\n<p>Cuando uno decide aceptar los altibajos de la vida y hasta los contratiempos terminan haci\u00e9ndole avanzar.<\/p>\n","protected":false},"excerpt":{"rendered":"<p><img loading=\"lazy\" decoding=\"async\" class=\"aligncenter size-full wp-image-2952\" src=\"https:\/\/www.elmundodelasemociones.es\/Weblog\/wp-content\/uploads\/2017\/08\/dia_13.png\" alt=\"D\u00eda 13: Las almas bonitas salen al encuentro\" width=\"304\" height=\"227\" srcset=\"https:\/\/www.elmundodelasemociones.es\/Weblog\/wp-content\/uploads\/2017\/08\/dia_13.png 304w, https:\/\/www.elmundodelasemociones.es\/Weblog\/wp-content\/uploads\/2017\/08\/dia_13-300x224.png 300w\" sizes=\"auto, (max-width: 304px) 100vw, 304px\" \/><\/p>\n<p><strong>Ayer pasamos un d\u00eda completo de playa, nos apetec\u00eda esta relajadas y tomar un poco el sol,<\/strong> nos hab\u00edamos quedado <strong>blancas como el algod\u00f3n<\/strong>. Despu\u00e9s de desayunar tomamos un taxi para ir a <strong>playa blanca.<\/strong> Estaba atestada de gente, pero siguiendo las indicaciones de Olga, caminamos media hora por la playa hasta llegar a una zona tranquila, <strong>all\u00ed pasamos el d\u00eda ba\u00f1\u00e1ndonos, bronce\u00e1ndonos y comiendo pez sierra<\/strong> a la plancha. Lo pasamos requeterico.<\/p>\n","protected":false},"author":1,"featured_media":0,"comment_status":"open","ping_status":"open","sticky":false,"template":"","format":"standard","meta":{"_jetpack_memberships_contains_paid_content":false,"footnotes":""},"categories":[1927],"tags":[739,1403,2124,2129,2131,2127,337,2132,528,2118,7,884,391,2130,749,2128,501,293,637],"class_list":["post-2951","post","type-post","status-publish","format-standard","hentry","category-el-diario-de-maryam","tag-aceptar","tag-bano","tag-contraatacar","tag-diagnostico","tag-fracasar","tag-heroina","tag-historia","tag-leccion","tag-luchar","tag-manglar","tag-morir","tag-negocio","tag-playa","tag-provenir","tag-relajarse","tag-selva","tag-sol","tag-tierra","tag-viaje"],"yoast_head":"<!-- This site is optimized with the Yoast SEO plugin v27.5 - https:\/\/yoast.com\/product\/yoast-seo-wordpress\/ -->\n<title>D\u00eda 13: Las almas bonitas salen al encuentro - El mundo de las emociones<\/title>\n<meta name=\"description\" content=\"Ayer pasamos un d\u00eda completo de playa, nos apetec\u00eda esta relajadas y tomar un poco el sol, nos hab\u00edamos quedado blancas como el algod\u00f3n.\" \/>\n<meta name=\"robots\" content=\"index, follow, max-snippet:-1, max-image-preview:large, max-video-preview:-1\" \/>\n<link rel=\"canonical\" href=\"https:\/\/www.elmundodelasemociones.es\/Weblog\/dia-13-las-almas-bonitas-salen-al-encuentro\/\" \/>\n<meta property=\"og:locale\" content=\"es_ES\" \/>\n<meta property=\"og:type\" content=\"article\" \/>\n<meta property=\"og:title\" content=\"D\u00eda 13: Las almas bonitas salen al encuentro - El mundo de las emociones\" \/>\n<meta property=\"og:description\" content=\"Ayer pasamos un d\u00eda completo de playa, nos apetec\u00eda esta relajadas y tomar un poco el sol, nos hab\u00edamos quedado blancas como el algod\u00f3n.\" \/>\n<meta property=\"og:url\" content=\"https:\/\/www.elmundodelasemociones.es\/Weblog\/dia-13-las-almas-bonitas-salen-al-encuentro\/\" \/>\n<meta property=\"og:site_name\" content=\"El mundo de las emociones\" \/>\n<meta property=\"article:published_time\" content=\"2017-08-24T08:55:11+00:00\" \/>\n<meta property=\"og:image\" content=\"https:\/\/www.elmundodelasemociones.es\/Weblog\/wp-content\/uploads\/2017\/08\/dia_13.png\" \/>\n<meta name=\"author\" content=\"admin\" \/>\n<meta name=\"twitter:label1\" content=\"Escrito por\" \/>\n\t<meta name=\"twitter:data1\" content=\"admin\" \/>\n\t<meta name=\"twitter:label2\" content=\"Tiempo de lectura\" \/>\n\t<meta name=\"twitter:data2\" content=\"2 minutos\" \/>\n<script type=\"application\/ld+json\" class=\"yoast-schema-graph\">{\"@context\":\"https:\\\/\\\/schema.org\",\"@graph\":[{\"@type\":\"Article\",\"@id\":\"https:\\\/\\\/www.elmundodelasemociones.es\\\/Weblog\\\/dia-13-las-almas-bonitas-salen-al-encuentro\\\/#article\",\"isPartOf\":{\"@id\":\"https:\\\/\\\/www.elmundodelasemociones.es\\\/Weblog\\\/dia-13-las-almas-bonitas-salen-al-encuentro\\\/\"},\"author\":{\"name\":\"admin\",\"@id\":\"https:\\\/\\\/www.elmundodelasemociones.es\\\/Weblog\\\/#\\\/schema\\\/person\\\/3347afe65707ef6291e18c43757ebfd8\"},\"headline\":\"D\u00eda 13: Las almas bonitas salen al encuentro\",\"datePublished\":\"2017-08-24T08:55:11+00:00\",\"mainEntityOfPage\":{\"@id\":\"https:\\\/\\\/www.elmundodelasemociones.es\\\/Weblog\\\/dia-13-las-almas-bonitas-salen-al-encuentro\\\/\"},\"wordCount\":450,\"commentCount\":0,\"image\":{\"@id\":\"https:\\\/\\\/www.elmundodelasemociones.es\\\/Weblog\\\/dia-13-las-almas-bonitas-salen-al-encuentro\\\/#primaryimage\"},\"thumbnailUrl\":\"https:\\\/\\\/www.elmundodelasemociones.es\\\/Weblog\\\/wp-content\\\/uploads\\\/2017\\\/08\\\/dia_13.png\",\"keywords\":[\"aceptar\",\"ba\u00f1o\",\"contraatacar\",\"diagn\u00f3stico\",\"fracasar\",\"hero\u00edna\",\"historia\",\"lecci\u00f3n\",\"luchar\",\"manglar\",\"morir\",\"negocio\",\"playa\",\"provenir\",\"relajarse\",\"selva\",\"sol\",\"tierra\",\"viaje\"],\"articleSection\":[\"El Diario de Maryam\"],\"inLanguage\":\"es\",\"potentialAction\":[{\"@type\":\"CommentAction\",\"name\":\"Comment\",\"target\":[\"https:\\\/\\\/www.elmundodelasemociones.es\\\/Weblog\\\/dia-13-las-almas-bonitas-salen-al-encuentro\\\/#respond\"]}]},{\"@type\":\"WebPage\",\"@id\":\"https:\\\/\\\/www.elmundodelasemociones.es\\\/Weblog\\\/dia-13-las-almas-bonitas-salen-al-encuentro\\\/\",\"url\":\"https:\\\/\\\/www.elmundodelasemociones.es\\\/Weblog\\\/dia-13-las-almas-bonitas-salen-al-encuentro\\\/\",\"name\":\"D\u00eda 13: Las almas bonitas salen al encuentro - El mundo de las emociones\",\"isPartOf\":{\"@id\":\"https:\\\/\\\/www.elmundodelasemociones.es\\\/Weblog\\\/#website\"},\"primaryImageOfPage\":{\"@id\":\"https:\\\/\\\/www.elmundodelasemociones.es\\\/Weblog\\\/dia-13-las-almas-bonitas-salen-al-encuentro\\\/#primaryimage\"},\"image\":{\"@id\":\"https:\\\/\\\/www.elmundodelasemociones.es\\\/Weblog\\\/dia-13-las-almas-bonitas-salen-al-encuentro\\\/#primaryimage\"},\"thumbnailUrl\":\"https:\\\/\\\/www.elmundodelasemociones.es\\\/Weblog\\\/wp-content\\\/uploads\\\/2017\\\/08\\\/dia_13.png\",\"datePublished\":\"2017-08-24T08:55:11+00:00\",\"author\":{\"@id\":\"https:\\\/\\\/www.elmundodelasemociones.es\\\/Weblog\\\/#\\\/schema\\\/person\\\/3347afe65707ef6291e18c43757ebfd8\"},\"description\":\"Ayer pasamos un d\u00eda completo de playa, nos apetec\u00eda esta relajadas y tomar un poco el sol, nos hab\u00edamos quedado blancas como el algod\u00f3n.\",\"breadcrumb\":{\"@id\":\"https:\\\/\\\/www.elmundodelasemociones.es\\\/Weblog\\\/dia-13-las-almas-bonitas-salen-al-encuentro\\\/#breadcrumb\"},\"inLanguage\":\"es\",\"potentialAction\":[{\"@type\":\"ReadAction\",\"target\":[\"https:\\\/\\\/www.elmundodelasemociones.es\\\/Weblog\\\/dia-13-las-almas-bonitas-salen-al-encuentro\\\/\"]}]},{\"@type\":\"ImageObject\",\"inLanguage\":\"es\",\"@id\":\"https:\\\/\\\/www.elmundodelasemociones.es\\\/Weblog\\\/dia-13-las-almas-bonitas-salen-al-encuentro\\\/#primaryimage\",\"url\":\"https:\\\/\\\/www.elmundodelasemociones.es\\\/Weblog\\\/wp-content\\\/uploads\\\/2017\\\/08\\\/dia_13.png\",\"contentUrl\":\"https:\\\/\\\/www.elmundodelasemociones.es\\\/Weblog\\\/wp-content\\\/uploads\\\/2017\\\/08\\\/dia_13.png\",\"width\":304,\"height\":227,\"caption\":\"D\u00eda 13: Las almas bonitas salen al encuentro\"},{\"@type\":\"BreadcrumbList\",\"@id\":\"https:\\\/\\\/www.elmundodelasemociones.es\\\/Weblog\\\/dia-13-las-almas-bonitas-salen-al-encuentro\\\/#breadcrumb\",\"itemListElement\":[{\"@type\":\"ListItem\",\"position\":1,\"name\":\"Portada\",\"item\":\"https:\\\/\\\/www.elmundodelasemociones.es\\\/Weblog\\\/\"},{\"@type\":\"ListItem\",\"position\":2,\"name\":\"D\u00eda 13: Las almas bonitas salen al encuentro\"}]},{\"@type\":\"WebSite\",\"@id\":\"https:\\\/\\\/www.elmundodelasemociones.es\\\/Weblog\\\/#website\",\"url\":\"https:\\\/\\\/www.elmundodelasemociones.es\\\/Weblog\\\/\",\"name\":\"El mundo de las emociones\",\"description\":\"El blog de &quot;el mundo de las emociones&quot;\",\"potentialAction\":[{\"@type\":\"SearchAction\",\"target\":{\"@type\":\"EntryPoint\",\"urlTemplate\":\"https:\\\/\\\/www.elmundodelasemociones.es\\\/Weblog\\\/?s={search_term_string}\"},\"query-input\":{\"@type\":\"PropertyValueSpecification\",\"valueRequired\":true,\"valueName\":\"search_term_string\"}}],\"inLanguage\":\"es\"},{\"@type\":\"Person\",\"@id\":\"https:\\\/\\\/www.elmundodelasemociones.es\\\/Weblog\\\/#\\\/schema\\\/person\\\/3347afe65707ef6291e18c43757ebfd8\",\"name\":\"admin\",\"image\":{\"@type\":\"ImageObject\",\"inLanguage\":\"es\",\"@id\":\"https:\\\/\\\/secure.gravatar.com\\\/avatar\\\/7c19c60a03e6b3ce43d6bb77b94f6e396240f2be922af03898f53886977d5d60?s=96&d=mm&r=g\",\"url\":\"https:\\\/\\\/secure.gravatar.com\\\/avatar\\\/7c19c60a03e6b3ce43d6bb77b94f6e396240f2be922af03898f53886977d5d60?s=96&d=mm&r=g\",\"contentUrl\":\"https:\\\/\\\/secure.gravatar.com\\\/avatar\\\/7c19c60a03e6b3ce43d6bb77b94f6e396240f2be922af03898f53886977d5d60?s=96&d=mm&r=g\",\"caption\":\"admin\"},\"sameAs\":[\"http:\\\/\\\/www.elmundodelasemociones.es\"],\"url\":\"https:\\\/\\\/www.elmundodelasemociones.es\\\/Weblog\\\/author\\\/admin\\\/\"}]}<\/script>\n<!-- \/ Yoast SEO plugin. -->","yoast_head_json":{"title":"D\u00eda 13: Las almas bonitas salen al encuentro - El mundo de las emociones","description":"Ayer pasamos un d\u00eda completo de playa, nos apetec\u00eda esta relajadas y tomar un poco el sol, nos hab\u00edamos quedado blancas como el algod\u00f3n.","robots":{"index":"index","follow":"follow","max-snippet":"max-snippet:-1","max-image-preview":"max-image-preview:large","max-video-preview":"max-video-preview:-1"},"canonical":"https:\/\/www.elmundodelasemociones.es\/Weblog\/dia-13-las-almas-bonitas-salen-al-encuentro\/","og_locale":"es_ES","og_type":"article","og_title":"D\u00eda 13: Las almas bonitas salen al encuentro - El mundo de las emociones","og_description":"Ayer pasamos un d\u00eda completo de playa, nos apetec\u00eda esta relajadas y tomar un poco el sol, nos hab\u00edamos quedado blancas como el algod\u00f3n.","og_url":"https:\/\/www.elmundodelasemociones.es\/Weblog\/dia-13-las-almas-bonitas-salen-al-encuentro\/","og_site_name":"El mundo de las emociones","article_published_time":"2017-08-24T08:55:11+00:00","og_image":[{"url":"https:\/\/www.elmundodelasemociones.es\/Weblog\/wp-content\/uploads\/2017\/08\/dia_13.png","type":"","width":"","height":""}],"author":"admin","twitter_misc":{"Escrito por":"admin","Tiempo de lectura":"2 minutos"},"schema":{"@context":"https:\/\/schema.org","@graph":[{"@type":"Article","@id":"https:\/\/www.elmundodelasemociones.es\/Weblog\/dia-13-las-almas-bonitas-salen-al-encuentro\/#article","isPartOf":{"@id":"https:\/\/www.elmundodelasemociones.es\/Weblog\/dia-13-las-almas-bonitas-salen-al-encuentro\/"},"author":{"name":"admin","@id":"https:\/\/www.elmundodelasemociones.es\/Weblog\/#\/schema\/person\/3347afe65707ef6291e18c43757ebfd8"},"headline":"D\u00eda 13: Las almas bonitas salen al encuentro","datePublished":"2017-08-24T08:55:11+00:00","mainEntityOfPage":{"@id":"https:\/\/www.elmundodelasemociones.es\/Weblog\/dia-13-las-almas-bonitas-salen-al-encuentro\/"},"wordCount":450,"commentCount":0,"image":{"@id":"https:\/\/www.elmundodelasemociones.es\/Weblog\/dia-13-las-almas-bonitas-salen-al-encuentro\/#primaryimage"},"thumbnailUrl":"https:\/\/www.elmundodelasemociones.es\/Weblog\/wp-content\/uploads\/2017\/08\/dia_13.png","keywords":["aceptar","ba\u00f1o","contraatacar","diagn\u00f3stico","fracasar","hero\u00edna","historia","lecci\u00f3n","luchar","manglar","morir","negocio","playa","provenir","relajarse","selva","sol","tierra","viaje"],"articleSection":["El Diario de Maryam"],"inLanguage":"es","potentialAction":[{"@type":"CommentAction","name":"Comment","target":["https:\/\/www.elmundodelasemociones.es\/Weblog\/dia-13-las-almas-bonitas-salen-al-encuentro\/#respond"]}]},{"@type":"WebPage","@id":"https:\/\/www.elmundodelasemociones.es\/Weblog\/dia-13-las-almas-bonitas-salen-al-encuentro\/","url":"https:\/\/www.elmundodelasemociones.es\/Weblog\/dia-13-las-almas-bonitas-salen-al-encuentro\/","name":"D\u00eda 13: Las almas bonitas salen al encuentro - El mundo de las emociones","isPartOf":{"@id":"https:\/\/www.elmundodelasemociones.es\/Weblog\/#website"},"primaryImageOfPage":{"@id":"https:\/\/www.elmundodelasemociones.es\/Weblog\/dia-13-las-almas-bonitas-salen-al-encuentro\/#primaryimage"},"image":{"@id":"https:\/\/www.elmundodelasemociones.es\/Weblog\/dia-13-las-almas-bonitas-salen-al-encuentro\/#primaryimage"},"thumbnailUrl":"https:\/\/www.elmundodelasemociones.es\/Weblog\/wp-content\/uploads\/2017\/08\/dia_13.png","datePublished":"2017-08-24T08:55:11+00:00","author":{"@id":"https:\/\/www.elmundodelasemociones.es\/Weblog\/#\/schema\/person\/3347afe65707ef6291e18c43757ebfd8"},"description":"Ayer pasamos un d\u00eda completo de playa, nos apetec\u00eda esta relajadas y tomar un poco el sol, nos hab\u00edamos quedado blancas como el algod\u00f3n.","breadcrumb":{"@id":"https:\/\/www.elmundodelasemociones.es\/Weblog\/dia-13-las-almas-bonitas-salen-al-encuentro\/#breadcrumb"},"inLanguage":"es","potentialAction":[{"@type":"ReadAction","target":["https:\/\/www.elmundodelasemociones.es\/Weblog\/dia-13-las-almas-bonitas-salen-al-encuentro\/"]}]},{"@type":"ImageObject","inLanguage":"es","@id":"https:\/\/www.elmundodelasemociones.es\/Weblog\/dia-13-las-almas-bonitas-salen-al-encuentro\/#primaryimage","url":"https:\/\/www.elmundodelasemociones.es\/Weblog\/wp-content\/uploads\/2017\/08\/dia_13.png","contentUrl":"https:\/\/www.elmundodelasemociones.es\/Weblog\/wp-content\/uploads\/2017\/08\/dia_13.png","width":304,"height":227,"caption":"D\u00eda 13: Las almas bonitas salen al encuentro"},{"@type":"BreadcrumbList","@id":"https:\/\/www.elmundodelasemociones.es\/Weblog\/dia-13-las-almas-bonitas-salen-al-encuentro\/#breadcrumb","itemListElement":[{"@type":"ListItem","position":1,"name":"Portada","item":"https:\/\/www.elmundodelasemociones.es\/Weblog\/"},{"@type":"ListItem","position":2,"name":"D\u00eda 13: Las almas bonitas salen al encuentro"}]},{"@type":"WebSite","@id":"https:\/\/www.elmundodelasemociones.es\/Weblog\/#website","url":"https:\/\/www.elmundodelasemociones.es\/Weblog\/","name":"El mundo de las emociones","description":"El blog de &quot;el mundo de las emociones&quot;","potentialAction":[{"@type":"SearchAction","target":{"@type":"EntryPoint","urlTemplate":"https:\/\/www.elmundodelasemociones.es\/Weblog\/?s={search_term_string}"},"query-input":{"@type":"PropertyValueSpecification","valueRequired":true,"valueName":"search_term_string"}}],"inLanguage":"es"},{"@type":"Person","@id":"https:\/\/www.elmundodelasemociones.es\/Weblog\/#\/schema\/person\/3347afe65707ef6291e18c43757ebfd8","name":"admin","image":{"@type":"ImageObject","inLanguage":"es","@id":"https:\/\/secure.gravatar.com\/avatar\/7c19c60a03e6b3ce43d6bb77b94f6e396240f2be922af03898f53886977d5d60?s=96&d=mm&r=g","url":"https:\/\/secure.gravatar.com\/avatar\/7c19c60a03e6b3ce43d6bb77b94f6e396240f2be922af03898f53886977d5d60?s=96&d=mm&r=g","contentUrl":"https:\/\/secure.gravatar.com\/avatar\/7c19c60a03e6b3ce43d6bb77b94f6e396240f2be922af03898f53886977d5d60?s=96&d=mm&r=g","caption":"admin"},"sameAs":["http:\/\/www.elmundodelasemociones.es"],"url":"https:\/\/www.elmundodelasemociones.es\/Weblog\/author\/admin\/"}]}},"jetpack_featured_media_url":"","jetpack_sharing_enabled":true,"jetpack_shortlink":"https:\/\/wp.me\/p82iJT-LB","_links":{"self":[{"href":"https:\/\/www.elmundodelasemociones.es\/Weblog\/wp-json\/wp\/v2\/posts\/2951","targetHints":{"allow":["GET"]}}],"collection":[{"href":"https:\/\/www.elmundodelasemociones.es\/Weblog\/wp-json\/wp\/v2\/posts"}],"about":[{"href":"https:\/\/www.elmundodelasemociones.es\/Weblog\/wp-json\/wp\/v2\/types\/post"}],"author":[{"embeddable":true,"href":"https:\/\/www.elmundodelasemociones.es\/Weblog\/wp-json\/wp\/v2\/users\/1"}],"replies":[{"embeddable":true,"href":"https:\/\/www.elmundodelasemociones.es\/Weblog\/wp-json\/wp\/v2\/comments?post=2951"}],"version-history":[{"count":0,"href":"https:\/\/www.elmundodelasemociones.es\/Weblog\/wp-json\/wp\/v2\/posts\/2951\/revisions"}],"wp:attachment":[{"href":"https:\/\/www.elmundodelasemociones.es\/Weblog\/wp-json\/wp\/v2\/media?parent=2951"}],"wp:term":[{"taxonomy":"category","embeddable":true,"href":"https:\/\/www.elmundodelasemociones.es\/Weblog\/wp-json\/wp\/v2\/categories?post=2951"},{"taxonomy":"post_tag","embeddable":true,"href":"https:\/\/www.elmundodelasemociones.es\/Weblog\/wp-json\/wp\/v2\/tags?post=2951"}],"curies":[{"name":"wp","href":"https:\/\/api.w.org\/{rel}","templated":true}]}}