{"id":2920,"date":"2017-08-18T08:03:12","date_gmt":"2017-08-18T07:03:12","guid":{"rendered":"https:\/\/www.elmundodelasemociones.es\/Weblog\/?p=2920"},"modified":"2017-08-24T10:08:38","modified_gmt":"2017-08-24T09:08:38","slug":"dia-7-dia-la-flota-ejecutiva","status":"publish","type":"post","link":"https:\/\/www.elmundodelasemociones.es\/Weblog\/dia-7-dia-la-flota-ejecutiva\/","title":{"rendered":"D\u00eda 7:  D\u00eda en la flota ejecutiva"},"content":{"rendered":"<p><img loading=\"lazy\" decoding=\"async\" class=\"aligncenter size-full wp-image-2921\" src=\"https:\/\/www.elmundodelasemociones.es\/Weblog\/wp-content\/uploads\/2017\/08\/dia_7.png\" alt=\"D\u00eda 7: D\u00eda en la flota ejecutiva\" width=\"304\" height=\"227\" srcset=\"https:\/\/www.elmundodelasemociones.es\/Weblog\/wp-content\/uploads\/2017\/08\/dia_7.png 304w, https:\/\/www.elmundodelasemociones.es\/Weblog\/wp-content\/uploads\/2017\/08\/dia_7-300x224.png 300w\" sizes=\"auto, (max-width: 304px) 100vw, 304px\" \/><\/p>\n<p>Nos levantamos temprano y desayunamos con <strong>Amparito y \u00d3scar,<\/strong> luego <strong>nos llevaron a coger el autob\u00fas de Flota Ejecutiva rumbo a Medell\u00edn.<\/strong> Atr\u00e1s dejamos <strong>Armenia, la capital del departamento del Quind\u00edo, la ciudad milagro de Colombia,<\/strong> gracias a su r\u00e1pido crecimiento urbano, pero sobre todo <strong>dejamos all\u00e1 a nuestra nueva familia colombiana: a la familia Palacio.<\/strong> Bueno con la alegr\u00eda de haberles conocido y la tristeza de tener que decirles hasta luego.<\/p>\n<p><strong>El autob\u00fas Flota ejecutiva era una pasada,<\/strong> fuimos recostadas, con agua e incluso serv\u00edan comida. Lo malo es que hacia un fr\u00edo que, pese a las dos mantitas que nos dieron, nos llevo a Medell\u00edn en estado de quasi-congelaci\u00f3n. <strong>El viaje dur\u00f3 m\u00e1s de 8 horas<\/strong> porque hab\u00eda obras en la carretera. <strong>Al final se nos hizo un poco interminable.<\/strong><\/p>\n<p>Cuando llegamos a la terminal tuvimos una fatal experiencia: <strong>ning\u00fan taxi nos quer\u00eda llevar<\/strong> porque no quer\u00edan ir hacia nuestro hotel, porque no quer\u00edan llevar maletas o ya el colmo como nos dijo uno literalmente porque: <em>&#8220;ten\u00eda que orinar&#8221;.<\/em> <strong>He de confesar que cundi\u00f3 el p\u00e1nico un poco,<\/strong> pero al final apareci\u00f3 un alma buena que nos llevo sin rechistar. En estos casos, a modo disuasorio, <strong>siempre usamos la t\u00e9cnica de que nuestro marido,<\/strong> esta vez llamado Juan, ni idea por qu\u00e9, <strong>nos esta esperando en el hotel y es hijo de un general.<\/strong> Como no llevaba el m\u00f3vil conmigo en ese momento tuve que hacer con el pu\u00f1o de la mano como que le llamaba para decirle el taxi que hab\u00edamos cogido y que ya est\u00e1bamos cerca. Cuando Isa me vio le entr\u00f3 un aut\u00e9ntico ataque de risa. <strong>Nos lo estamos pasando genial.<\/strong><\/p>\n","protected":false},"excerpt":{"rendered":"<p><img loading=\"lazy\" decoding=\"async\" class=\"aligncenter size-full wp-image-2921\" src=\"https:\/\/www.elmundodelasemociones.es\/Weblog\/wp-content\/uploads\/2017\/08\/dia_7.png\" alt=\"D\u00eda 7: D\u00eda en la flota ejecutiva\" width=\"304\" height=\"227\" srcset=\"https:\/\/www.elmundodelasemociones.es\/Weblog\/wp-content\/uploads\/2017\/08\/dia_7.png 304w, https:\/\/www.elmundodelasemociones.es\/Weblog\/wp-content\/uploads\/2017\/08\/dia_7-300x224.png 300w\" sizes=\"auto, (max-width: 304px) 100vw, 304px\" \/><\/p>\n<p>Nos levantamos temprano y desayunamos con <strong>Amparito y \u00d3scar,<\/strong> luego <strong>nos llevaron a coger el autob\u00fas de Flota Ejecutiva rumbo a Medell\u00edn.<\/strong> Atr\u00e1s dejamos <strong>Armenia, la capital del departamento del Quind\u00edo, la ciudad milagro de Colombia,<\/strong> gracias a su r\u00e1pido crecimiento urbano, pero sobre todo <strong>dejamos all\u00e1 a nuestra nueva familia colombiana: a la familia Palacio.<\/strong> Bueno con la alegr\u00eda de haberles conocido y la tristeza de tener que decirles hasta luego.<\/p>\n","protected":false},"author":1,"featured_media":0,"comment_status":"open","ping_status":"open","sticky":false,"template":"","format":"standard","meta":{"_jetpack_memberships_contains_paid_content":false,"footnotes":""},"categories":[1927],"tags":[855,2051,2050,2053,2013,2057,383,2049,2055,219,1917,2056,2052,621,2054,637],"class_list":["post-2920","post","type-post","status-publish","format-standard","hentry","category-el-diario-de-maryam","tag-amigos","tag-armenia","tag-autobus","tag-ciudad-milagro","tag-colombia","tag-diversion","tag-familia","tag-flota-ejecutiva","tag-marido","tag-mentira","tag-panico","tag-persuasion","tag-quindio","tag-taxi","tag-transporte","tag-viaje"],"yoast_head":"<!-- This site is optimized with the Yoast SEO plugin v27.5 - https:\/\/yoast.com\/product\/yoast-seo-wordpress\/ -->\n<title>D\u00eda 7: D\u00eda en la flota ejecutiva - El mundo de las emociones<\/title>\n<meta name=\"description\" content=\"Nos levantamos temprano y desayunamos con Amparito y \u00d3scar, luego nos llevaron a coger el autob\u00fas de Flota Ejecutiva rumbo a Medell\u00edn.\" \/>\n<meta name=\"robots\" content=\"index, follow, max-snippet:-1, max-image-preview:large, max-video-preview:-1\" \/>\n<link rel=\"canonical\" href=\"https:\/\/www.elmundodelasemociones.es\/Weblog\/dia-7-dia-la-flota-ejecutiva\/\" \/>\n<meta property=\"og:locale\" content=\"es_ES\" \/>\n<meta property=\"og:type\" content=\"article\" \/>\n<meta property=\"og:title\" content=\"D\u00eda 7: D\u00eda en la flota ejecutiva - El mundo de las emociones\" \/>\n<meta property=\"og:description\" content=\"Nos levantamos temprano y desayunamos con Amparito y \u00d3scar, luego nos llevaron a coger el autob\u00fas de Flota Ejecutiva rumbo a Medell\u00edn.\" \/>\n<meta property=\"og:url\" content=\"https:\/\/www.elmundodelasemociones.es\/Weblog\/dia-7-dia-la-flota-ejecutiva\/\" \/>\n<meta property=\"og:site_name\" content=\"El mundo de las emociones\" \/>\n<meta property=\"article:published_time\" content=\"2017-08-18T07:03:12+00:00\" \/>\n<meta property=\"article:modified_time\" content=\"2017-08-24T09:08:38+00:00\" \/>\n<meta property=\"og:image\" content=\"https:\/\/www.elmundodelasemociones.es\/Weblog\/wp-content\/uploads\/2017\/08\/dia_7.png\" \/>\n<meta name=\"author\" content=\"admin\" \/>\n<meta name=\"twitter:label1\" content=\"Escrito por\" \/>\n\t<meta name=\"twitter:data1\" content=\"admin\" \/>\n\t<meta name=\"twitter:label2\" content=\"Tiempo de lectura\" \/>\n\t<meta name=\"twitter:data2\" content=\"2 minutos\" \/>\n<script type=\"application\/ld+json\" class=\"yoast-schema-graph\">{\"@context\":\"https:\\\/\\\/schema.org\",\"@graph\":[{\"@type\":\"Article\",\"@id\":\"https:\\\/\\\/www.elmundodelasemociones.es\\\/Weblog\\\/dia-7-dia-la-flota-ejecutiva\\\/#article\",\"isPartOf\":{\"@id\":\"https:\\\/\\\/www.elmundodelasemociones.es\\\/Weblog\\\/dia-7-dia-la-flota-ejecutiva\\\/\"},\"author\":{\"name\":\"admin\",\"@id\":\"https:\\\/\\\/www.elmundodelasemociones.es\\\/Weblog\\\/#\\\/schema\\\/person\\\/3347afe65707ef6291e18c43757ebfd8\"},\"headline\":\"D\u00eda 7: D\u00eda en la flota ejecutiva\",\"datePublished\":\"2017-08-18T07:03:12+00:00\",\"dateModified\":\"2017-08-24T09:08:38+00:00\",\"mainEntityOfPage\":{\"@id\":\"https:\\\/\\\/www.elmundodelasemociones.es\\\/Weblog\\\/dia-7-dia-la-flota-ejecutiva\\\/\"},\"wordCount\":308,\"commentCount\":0,\"image\":{\"@id\":\"https:\\\/\\\/www.elmundodelasemociones.es\\\/Weblog\\\/dia-7-dia-la-flota-ejecutiva\\\/#primaryimage\"},\"thumbnailUrl\":\"https:\\\/\\\/www.elmundodelasemociones.es\\\/Weblog\\\/wp-content\\\/uploads\\\/2017\\\/08\\\/dia_7.png\",\"keywords\":[\"amigos\",\"Armenia\",\"autob\u00fas\",\"ciudad milagro\",\"Colombia\",\"diversi\u00f3n\",\"familia\",\"Flota Ejecutiva\",\"marido\",\"mentira\",\"p\u00e1nico\",\"persuasi\u00f3n\",\"Quind\u00edo\",\"taxi\",\"transporte\",\"viaje\"],\"articleSection\":[\"El Diario de Maryam\"],\"inLanguage\":\"es\",\"potentialAction\":[{\"@type\":\"CommentAction\",\"name\":\"Comment\",\"target\":[\"https:\\\/\\\/www.elmundodelasemociones.es\\\/Weblog\\\/dia-7-dia-la-flota-ejecutiva\\\/#respond\"]}]},{\"@type\":\"WebPage\",\"@id\":\"https:\\\/\\\/www.elmundodelasemociones.es\\\/Weblog\\\/dia-7-dia-la-flota-ejecutiva\\\/\",\"url\":\"https:\\\/\\\/www.elmundodelasemociones.es\\\/Weblog\\\/dia-7-dia-la-flota-ejecutiva\\\/\",\"name\":\"D\u00eda 7: D\u00eda en la flota ejecutiva - El mundo de las emociones\",\"isPartOf\":{\"@id\":\"https:\\\/\\\/www.elmundodelasemociones.es\\\/Weblog\\\/#website\"},\"primaryImageOfPage\":{\"@id\":\"https:\\\/\\\/www.elmundodelasemociones.es\\\/Weblog\\\/dia-7-dia-la-flota-ejecutiva\\\/#primaryimage\"},\"image\":{\"@id\":\"https:\\\/\\\/www.elmundodelasemociones.es\\\/Weblog\\\/dia-7-dia-la-flota-ejecutiva\\\/#primaryimage\"},\"thumbnailUrl\":\"https:\\\/\\\/www.elmundodelasemociones.es\\\/Weblog\\\/wp-content\\\/uploads\\\/2017\\\/08\\\/dia_7.png\",\"datePublished\":\"2017-08-18T07:03:12+00:00\",\"dateModified\":\"2017-08-24T09:08:38+00:00\",\"author\":{\"@id\":\"https:\\\/\\\/www.elmundodelasemociones.es\\\/Weblog\\\/#\\\/schema\\\/person\\\/3347afe65707ef6291e18c43757ebfd8\"},\"description\":\"Nos levantamos temprano y desayunamos con Amparito y \u00d3scar, luego nos llevaron a coger el autob\u00fas de Flota Ejecutiva rumbo a Medell\u00edn.\",\"breadcrumb\":{\"@id\":\"https:\\\/\\\/www.elmundodelasemociones.es\\\/Weblog\\\/dia-7-dia-la-flota-ejecutiva\\\/#breadcrumb\"},\"inLanguage\":\"es\",\"potentialAction\":[{\"@type\":\"ReadAction\",\"target\":[\"https:\\\/\\\/www.elmundodelasemociones.es\\\/Weblog\\\/dia-7-dia-la-flota-ejecutiva\\\/\"]}]},{\"@type\":\"ImageObject\",\"inLanguage\":\"es\",\"@id\":\"https:\\\/\\\/www.elmundodelasemociones.es\\\/Weblog\\\/dia-7-dia-la-flota-ejecutiva\\\/#primaryimage\",\"url\":\"https:\\\/\\\/www.elmundodelasemociones.es\\\/Weblog\\\/wp-content\\\/uploads\\\/2017\\\/08\\\/dia_7.png\",\"contentUrl\":\"https:\\\/\\\/www.elmundodelasemociones.es\\\/Weblog\\\/wp-content\\\/uploads\\\/2017\\\/08\\\/dia_7.png\",\"width\":304,\"height\":227,\"caption\":\"D\u00eda 7: D\u00eda en la flota ejecutiva\"},{\"@type\":\"BreadcrumbList\",\"@id\":\"https:\\\/\\\/www.elmundodelasemociones.es\\\/Weblog\\\/dia-7-dia-la-flota-ejecutiva\\\/#breadcrumb\",\"itemListElement\":[{\"@type\":\"ListItem\",\"position\":1,\"name\":\"Portada\",\"item\":\"https:\\\/\\\/www.elmundodelasemociones.es\\\/Weblog\\\/\"},{\"@type\":\"ListItem\",\"position\":2,\"name\":\"D\u00eda 7: D\u00eda en la flota ejecutiva\"}]},{\"@type\":\"WebSite\",\"@id\":\"https:\\\/\\\/www.elmundodelasemociones.es\\\/Weblog\\\/#website\",\"url\":\"https:\\\/\\\/www.elmundodelasemociones.es\\\/Weblog\\\/\",\"name\":\"El mundo de las emociones\",\"description\":\"El blog de &quot;el mundo de las emociones&quot;\",\"potentialAction\":[{\"@type\":\"SearchAction\",\"target\":{\"@type\":\"EntryPoint\",\"urlTemplate\":\"https:\\\/\\\/www.elmundodelasemociones.es\\\/Weblog\\\/?s={search_term_string}\"},\"query-input\":{\"@type\":\"PropertyValueSpecification\",\"valueRequired\":true,\"valueName\":\"search_term_string\"}}],\"inLanguage\":\"es\"},{\"@type\":\"Person\",\"@id\":\"https:\\\/\\\/www.elmundodelasemociones.es\\\/Weblog\\\/#\\\/schema\\\/person\\\/3347afe65707ef6291e18c43757ebfd8\",\"name\":\"admin\",\"image\":{\"@type\":\"ImageObject\",\"inLanguage\":\"es\",\"@id\":\"https:\\\/\\\/secure.gravatar.com\\\/avatar\\\/7c19c60a03e6b3ce43d6bb77b94f6e396240f2be922af03898f53886977d5d60?s=96&d=mm&r=g\",\"url\":\"https:\\\/\\\/secure.gravatar.com\\\/avatar\\\/7c19c60a03e6b3ce43d6bb77b94f6e396240f2be922af03898f53886977d5d60?s=96&d=mm&r=g\",\"contentUrl\":\"https:\\\/\\\/secure.gravatar.com\\\/avatar\\\/7c19c60a03e6b3ce43d6bb77b94f6e396240f2be922af03898f53886977d5d60?s=96&d=mm&r=g\",\"caption\":\"admin\"},\"sameAs\":[\"http:\\\/\\\/www.elmundodelasemociones.es\"],\"url\":\"https:\\\/\\\/www.elmundodelasemociones.es\\\/Weblog\\\/author\\\/admin\\\/\"}]}<\/script>\n<!-- \/ Yoast SEO plugin. -->","yoast_head_json":{"title":"D\u00eda 7: D\u00eda en la flota ejecutiva - El mundo de las emociones","description":"Nos levantamos temprano y desayunamos con Amparito y \u00d3scar, luego nos llevaron a coger el autob\u00fas de Flota Ejecutiva rumbo a Medell\u00edn.","robots":{"index":"index","follow":"follow","max-snippet":"max-snippet:-1","max-image-preview":"max-image-preview:large","max-video-preview":"max-video-preview:-1"},"canonical":"https:\/\/www.elmundodelasemociones.es\/Weblog\/dia-7-dia-la-flota-ejecutiva\/","og_locale":"es_ES","og_type":"article","og_title":"D\u00eda 7: D\u00eda en la flota ejecutiva - El mundo de las emociones","og_description":"Nos levantamos temprano y desayunamos con Amparito y \u00d3scar, luego nos llevaron a coger el autob\u00fas de Flota Ejecutiva rumbo a Medell\u00edn.","og_url":"https:\/\/www.elmundodelasemociones.es\/Weblog\/dia-7-dia-la-flota-ejecutiva\/","og_site_name":"El mundo de las emociones","article_published_time":"2017-08-18T07:03:12+00:00","article_modified_time":"2017-08-24T09:08:38+00:00","og_image":[{"url":"https:\/\/www.elmundodelasemociones.es\/Weblog\/wp-content\/uploads\/2017\/08\/dia_7.png","type":"","width":"","height":""}],"author":"admin","twitter_misc":{"Escrito por":"admin","Tiempo de lectura":"2 minutos"},"schema":{"@context":"https:\/\/schema.org","@graph":[{"@type":"Article","@id":"https:\/\/www.elmundodelasemociones.es\/Weblog\/dia-7-dia-la-flota-ejecutiva\/#article","isPartOf":{"@id":"https:\/\/www.elmundodelasemociones.es\/Weblog\/dia-7-dia-la-flota-ejecutiva\/"},"author":{"name":"admin","@id":"https:\/\/www.elmundodelasemociones.es\/Weblog\/#\/schema\/person\/3347afe65707ef6291e18c43757ebfd8"},"headline":"D\u00eda 7: D\u00eda en la flota ejecutiva","datePublished":"2017-08-18T07:03:12+00:00","dateModified":"2017-08-24T09:08:38+00:00","mainEntityOfPage":{"@id":"https:\/\/www.elmundodelasemociones.es\/Weblog\/dia-7-dia-la-flota-ejecutiva\/"},"wordCount":308,"commentCount":0,"image":{"@id":"https:\/\/www.elmundodelasemociones.es\/Weblog\/dia-7-dia-la-flota-ejecutiva\/#primaryimage"},"thumbnailUrl":"https:\/\/www.elmundodelasemociones.es\/Weblog\/wp-content\/uploads\/2017\/08\/dia_7.png","keywords":["amigos","Armenia","autob\u00fas","ciudad milagro","Colombia","diversi\u00f3n","familia","Flota Ejecutiva","marido","mentira","p\u00e1nico","persuasi\u00f3n","Quind\u00edo","taxi","transporte","viaje"],"articleSection":["El Diario de Maryam"],"inLanguage":"es","potentialAction":[{"@type":"CommentAction","name":"Comment","target":["https:\/\/www.elmundodelasemociones.es\/Weblog\/dia-7-dia-la-flota-ejecutiva\/#respond"]}]},{"@type":"WebPage","@id":"https:\/\/www.elmundodelasemociones.es\/Weblog\/dia-7-dia-la-flota-ejecutiva\/","url":"https:\/\/www.elmundodelasemociones.es\/Weblog\/dia-7-dia-la-flota-ejecutiva\/","name":"D\u00eda 7: D\u00eda en la flota ejecutiva - El mundo de las emociones","isPartOf":{"@id":"https:\/\/www.elmundodelasemociones.es\/Weblog\/#website"},"primaryImageOfPage":{"@id":"https:\/\/www.elmundodelasemociones.es\/Weblog\/dia-7-dia-la-flota-ejecutiva\/#primaryimage"},"image":{"@id":"https:\/\/www.elmundodelasemociones.es\/Weblog\/dia-7-dia-la-flota-ejecutiva\/#primaryimage"},"thumbnailUrl":"https:\/\/www.elmundodelasemociones.es\/Weblog\/wp-content\/uploads\/2017\/08\/dia_7.png","datePublished":"2017-08-18T07:03:12+00:00","dateModified":"2017-08-24T09:08:38+00:00","author":{"@id":"https:\/\/www.elmundodelasemociones.es\/Weblog\/#\/schema\/person\/3347afe65707ef6291e18c43757ebfd8"},"description":"Nos levantamos temprano y desayunamos con Amparito y \u00d3scar, luego nos llevaron a coger el autob\u00fas de Flota Ejecutiva rumbo a Medell\u00edn.","breadcrumb":{"@id":"https:\/\/www.elmundodelasemociones.es\/Weblog\/dia-7-dia-la-flota-ejecutiva\/#breadcrumb"},"inLanguage":"es","potentialAction":[{"@type":"ReadAction","target":["https:\/\/www.elmundodelasemociones.es\/Weblog\/dia-7-dia-la-flota-ejecutiva\/"]}]},{"@type":"ImageObject","inLanguage":"es","@id":"https:\/\/www.elmundodelasemociones.es\/Weblog\/dia-7-dia-la-flota-ejecutiva\/#primaryimage","url":"https:\/\/www.elmundodelasemociones.es\/Weblog\/wp-content\/uploads\/2017\/08\/dia_7.png","contentUrl":"https:\/\/www.elmundodelasemociones.es\/Weblog\/wp-content\/uploads\/2017\/08\/dia_7.png","width":304,"height":227,"caption":"D\u00eda 7: D\u00eda en la flota ejecutiva"},{"@type":"BreadcrumbList","@id":"https:\/\/www.elmundodelasemociones.es\/Weblog\/dia-7-dia-la-flota-ejecutiva\/#breadcrumb","itemListElement":[{"@type":"ListItem","position":1,"name":"Portada","item":"https:\/\/www.elmundodelasemociones.es\/Weblog\/"},{"@type":"ListItem","position":2,"name":"D\u00eda 7: D\u00eda en la flota ejecutiva"}]},{"@type":"WebSite","@id":"https:\/\/www.elmundodelasemociones.es\/Weblog\/#website","url":"https:\/\/www.elmundodelasemociones.es\/Weblog\/","name":"El mundo de las emociones","description":"El blog de &quot;el mundo de las emociones&quot;","potentialAction":[{"@type":"SearchAction","target":{"@type":"EntryPoint","urlTemplate":"https:\/\/www.elmundodelasemociones.es\/Weblog\/?s={search_term_string}"},"query-input":{"@type":"PropertyValueSpecification","valueRequired":true,"valueName":"search_term_string"}}],"inLanguage":"es"},{"@type":"Person","@id":"https:\/\/www.elmundodelasemociones.es\/Weblog\/#\/schema\/person\/3347afe65707ef6291e18c43757ebfd8","name":"admin","image":{"@type":"ImageObject","inLanguage":"es","@id":"https:\/\/secure.gravatar.com\/avatar\/7c19c60a03e6b3ce43d6bb77b94f6e396240f2be922af03898f53886977d5d60?s=96&d=mm&r=g","url":"https:\/\/secure.gravatar.com\/avatar\/7c19c60a03e6b3ce43d6bb77b94f6e396240f2be922af03898f53886977d5d60?s=96&d=mm&r=g","contentUrl":"https:\/\/secure.gravatar.com\/avatar\/7c19c60a03e6b3ce43d6bb77b94f6e396240f2be922af03898f53886977d5d60?s=96&d=mm&r=g","caption":"admin"},"sameAs":["http:\/\/www.elmundodelasemociones.es"],"url":"https:\/\/www.elmundodelasemociones.es\/Weblog\/author\/admin\/"}]}},"jetpack_featured_media_url":"","jetpack_sharing_enabled":true,"jetpack_shortlink":"https:\/\/wp.me\/p82iJT-L6","_links":{"self":[{"href":"https:\/\/www.elmundodelasemociones.es\/Weblog\/wp-json\/wp\/v2\/posts\/2920","targetHints":{"allow":["GET"]}}],"collection":[{"href":"https:\/\/www.elmundodelasemociones.es\/Weblog\/wp-json\/wp\/v2\/posts"}],"about":[{"href":"https:\/\/www.elmundodelasemociones.es\/Weblog\/wp-json\/wp\/v2\/types\/post"}],"author":[{"embeddable":true,"href":"https:\/\/www.elmundodelasemociones.es\/Weblog\/wp-json\/wp\/v2\/users\/1"}],"replies":[{"embeddable":true,"href":"https:\/\/www.elmundodelasemociones.es\/Weblog\/wp-json\/wp\/v2\/comments?post=2920"}],"version-history":[{"count":0,"href":"https:\/\/www.elmundodelasemociones.es\/Weblog\/wp-json\/wp\/v2\/posts\/2920\/revisions"}],"wp:attachment":[{"href":"https:\/\/www.elmundodelasemociones.es\/Weblog\/wp-json\/wp\/v2\/media?parent=2920"}],"wp:term":[{"taxonomy":"category","embeddable":true,"href":"https:\/\/www.elmundodelasemociones.es\/Weblog\/wp-json\/wp\/v2\/categories?post=2920"},{"taxonomy":"post_tag","embeddable":true,"href":"https:\/\/www.elmundodelasemociones.es\/Weblog\/wp-json\/wp\/v2\/tags?post=2920"}],"curies":[{"name":"wp","href":"https:\/\/api.w.org\/{rel}","templated":true}]}}