{"id":2912,"date":"2017-08-16T07:52:21","date_gmt":"2017-08-16T06:52:21","guid":{"rendered":"https:\/\/www.elmundodelasemociones.es\/Weblog\/?p=2912"},"modified":"2017-08-24T10:06:00","modified_gmt":"2017-08-24T09:06:00","slug":"dia-5-del-nirvana-al-rancho","status":"publish","type":"post","link":"https:\/\/www.elmundodelasemociones.es\/Weblog\/dia-5-del-nirvana-al-rancho\/","title":{"rendered":"D\u00eda 5: Del nirvana al rancho"},"content":{"rendered":"<p><img loading=\"lazy\" decoding=\"async\" class=\"aligncenter size-full wp-image-2913\" src=\"https:\/\/www.elmundodelasemociones.es\/Weblog\/wp-content\/uploads\/2017\/08\/dia_5.png\" alt=\"D\u00eda 5: Del nirvana al rancho\" width=\"304\" height=\"227\" srcset=\"https:\/\/www.elmundodelasemociones.es\/Weblog\/wp-content\/uploads\/2017\/08\/dia_5.png 304w, https:\/\/www.elmundodelasemociones.es\/Weblog\/wp-content\/uploads\/2017\/08\/dia_5-300x224.png 300w\" sizes=\"auto, (max-width: 304px) 100vw, 304px\" \/><\/p>\n<p>Pasamos la noche en un hotel boutique maravilloso en <strong>Pereira, la capital del eje cafetal.<\/strong> Por la ma\u00f1ana desayunamos en el jard\u00edn <strong>escuchando periquitos y respirando naturaleza.<\/strong> Luego descubrimos que hab\u00eda un spa y a estos precios no nos pudimos resistir a hacernos una exfoliaci\u00f3n de caf\u00e9 y una hidrataci\u00f3n de chocante, <strong>fue tan incre\u00edble y tan delicado que sentimos que hab\u00edamos alcanzado el nirvana.<\/strong><\/p>\n<p>Luego nos toc\u00f3 aterrizar al mundo de las realidades en una buseta abarrotada y en un estado de aquella manera que nos llevara a <strong>Salento.<\/strong> Por cierto con un calor de muerte, as\u00ed que todo lo que nos hab\u00edamos comprado para el fr\u00edo creo que no nos va a valer de nada.<\/p>\n<p>Llegamos a <strong>Salento un pueblito encantador con una plaza preciosa y todas las casas antiguas en bahareque y en tapias de barro, el colorido es de cuento.<\/strong> Las personas son encantadoras, como nos est\u00e1n pareciendo en toda Colombia. Pasamos la tarde tomando caf\u00e9 y paseando. Luego <strong>dormimos en un rancho en el medio de un valle rodeado por monta\u00f1as.<\/strong> El lugar era lindo, la comodidad as\u00ed, as\u00ed. Definitivamente no somos nada campestres ninguna de las dos, jajaja&#8230;<\/p>\n","protected":false},"excerpt":{"rendered":"<p><img loading=\"lazy\" decoding=\"async\" class=\"aligncenter size-full wp-image-2913\" src=\"https:\/\/www.elmundodelasemociones.es\/Weblog\/wp-content\/uploads\/2017\/08\/dia_5.png\" alt=\"D\u00eda 5: Del nirvana al rancho\" width=\"304\" height=\"227\" srcset=\"https:\/\/www.elmundodelasemociones.es\/Weblog\/wp-content\/uploads\/2017\/08\/dia_5.png 304w, https:\/\/www.elmundodelasemociones.es\/Weblog\/wp-content\/uploads\/2017\/08\/dia_5-300x224.png 300w\" sizes=\"auto, (max-width: 304px) 100vw, 304px\" \/><\/p>\n<p>Pasamos la noche en un hotel boutique maravilloso en <strong>Pereira, la capital del eje cafetal.<\/strong> Por la ma\u00f1ana desayunamos en el jard\u00edn <strong>escuchando periquitos y respirando naturaleza.<\/strong> Luego descubrimos que hab\u00eda un spa y a estos precios no nos pudimos resistir a hacernos una exfoliaci\u00f3n de caf\u00e9 y una hidrataci\u00f3n de chocante, <strong>fue tan incre\u00edble y tan delicado que sentimos que hab\u00edamos alcanzado el nirvana.<\/strong><\/p>\n","protected":false},"author":1,"featured_media":0,"comment_status":"open","ping_status":"open","sticky":false,"template":"","format":"standard","meta":{"_jetpack_memberships_contains_paid_content":false,"footnotes":""},"categories":[1927],"tags":[2013,2044,2020,133,2045,2043,2047,2046,2048,637],"class_list":["post-2912","post","type-post","status-publish","format-standard","hentry","category-el-diario-de-maryam","tag-colombia","tag-eje-cafetal","tag-montanas","tag-naturaleza","tag-nirvana","tag-pereira","tag-pueblecito","tag-salento","tag-valle","tag-viaje"],"yoast_head":"<!-- This site is optimized with the Yoast SEO plugin v27.5 - https:\/\/yoast.com\/product\/yoast-seo-wordpress\/ -->\n<title>D\u00eda 5: Del nirvana al rancho - El mundo de las emociones<\/title>\n<meta name=\"description\" content=\"Pasamos la noche en un hotel en Pereira, la capital del eje cafetal. Por la ma\u00f1ana desayunamos en el jard\u00edn escuchando periquitos y respirando naturaleza.\" \/>\n<meta name=\"robots\" content=\"index, follow, max-snippet:-1, max-image-preview:large, max-video-preview:-1\" \/>\n<link rel=\"canonical\" href=\"https:\/\/www.elmundodelasemociones.es\/Weblog\/dia-5-del-nirvana-al-rancho\/\" \/>\n<meta property=\"og:locale\" content=\"es_ES\" \/>\n<meta property=\"og:type\" content=\"article\" \/>\n<meta property=\"og:title\" content=\"D\u00eda 5: Del nirvana al rancho - El mundo de las emociones\" \/>\n<meta property=\"og:description\" content=\"Pasamos la noche en un hotel en Pereira, la capital del eje cafetal. Por la ma\u00f1ana desayunamos en el jard\u00edn escuchando periquitos y respirando naturaleza.\" \/>\n<meta property=\"og:url\" content=\"https:\/\/www.elmundodelasemociones.es\/Weblog\/dia-5-del-nirvana-al-rancho\/\" \/>\n<meta property=\"og:site_name\" content=\"El mundo de las emociones\" \/>\n<meta property=\"article:published_time\" content=\"2017-08-16T06:52:21+00:00\" \/>\n<meta property=\"article:modified_time\" content=\"2017-08-24T09:06:00+00:00\" \/>\n<meta property=\"og:image\" content=\"https:\/\/www.elmundodelasemociones.es\/Weblog\/wp-content\/uploads\/2017\/08\/dia_5.png\" \/>\n<meta name=\"author\" content=\"admin\" \/>\n<meta name=\"twitter:label1\" content=\"Escrito por\" \/>\n\t<meta name=\"twitter:data1\" content=\"admin\" \/>\n\t<meta name=\"twitter:label2\" content=\"Tiempo de lectura\" \/>\n\t<meta name=\"twitter:data2\" content=\"1 minuto\" \/>\n<script type=\"application\/ld+json\" class=\"yoast-schema-graph\">{\"@context\":\"https:\\\/\\\/schema.org\",\"@graph\":[{\"@type\":\"Article\",\"@id\":\"https:\\\/\\\/www.elmundodelasemociones.es\\\/Weblog\\\/dia-5-del-nirvana-al-rancho\\\/#article\",\"isPartOf\":{\"@id\":\"https:\\\/\\\/www.elmundodelasemociones.es\\\/Weblog\\\/dia-5-del-nirvana-al-rancho\\\/\"},\"author\":{\"name\":\"admin\",\"@id\":\"https:\\\/\\\/www.elmundodelasemociones.es\\\/Weblog\\\/#\\\/schema\\\/person\\\/3347afe65707ef6291e18c43757ebfd8\"},\"headline\":\"D\u00eda 5: Del nirvana al rancho\",\"datePublished\":\"2017-08-16T06:52:21+00:00\",\"dateModified\":\"2017-08-24T09:06:00+00:00\",\"mainEntityOfPage\":{\"@id\":\"https:\\\/\\\/www.elmundodelasemociones.es\\\/Weblog\\\/dia-5-del-nirvana-al-rancho\\\/\"},\"wordCount\":211,\"commentCount\":0,\"image\":{\"@id\":\"https:\\\/\\\/www.elmundodelasemociones.es\\\/Weblog\\\/dia-5-del-nirvana-al-rancho\\\/#primaryimage\"},\"thumbnailUrl\":\"https:\\\/\\\/www.elmundodelasemociones.es\\\/Weblog\\\/wp-content\\\/uploads\\\/2017\\\/08\\\/dia_5.png\",\"keywords\":[\"Colombia\",\"eje cafetal\",\"monta\u00f1as\",\"naturaleza\",\"nirvana\",\"Pereira\",\"pueblecito\",\"Salento\",\"valle\",\"viaje\"],\"articleSection\":[\"El Diario de Maryam\"],\"inLanguage\":\"es\",\"potentialAction\":[{\"@type\":\"CommentAction\",\"name\":\"Comment\",\"target\":[\"https:\\\/\\\/www.elmundodelasemociones.es\\\/Weblog\\\/dia-5-del-nirvana-al-rancho\\\/#respond\"]}]},{\"@type\":\"WebPage\",\"@id\":\"https:\\\/\\\/www.elmundodelasemociones.es\\\/Weblog\\\/dia-5-del-nirvana-al-rancho\\\/\",\"url\":\"https:\\\/\\\/www.elmundodelasemociones.es\\\/Weblog\\\/dia-5-del-nirvana-al-rancho\\\/\",\"name\":\"D\u00eda 5: Del nirvana al rancho - El mundo de las emociones\",\"isPartOf\":{\"@id\":\"https:\\\/\\\/www.elmundodelasemociones.es\\\/Weblog\\\/#website\"},\"primaryImageOfPage\":{\"@id\":\"https:\\\/\\\/www.elmundodelasemociones.es\\\/Weblog\\\/dia-5-del-nirvana-al-rancho\\\/#primaryimage\"},\"image\":{\"@id\":\"https:\\\/\\\/www.elmundodelasemociones.es\\\/Weblog\\\/dia-5-del-nirvana-al-rancho\\\/#primaryimage\"},\"thumbnailUrl\":\"https:\\\/\\\/www.elmundodelasemociones.es\\\/Weblog\\\/wp-content\\\/uploads\\\/2017\\\/08\\\/dia_5.png\",\"datePublished\":\"2017-08-16T06:52:21+00:00\",\"dateModified\":\"2017-08-24T09:06:00+00:00\",\"author\":{\"@id\":\"https:\\\/\\\/www.elmundodelasemociones.es\\\/Weblog\\\/#\\\/schema\\\/person\\\/3347afe65707ef6291e18c43757ebfd8\"},\"description\":\"Pasamos la noche en un hotel en Pereira, la capital del eje cafetal. Por la ma\u00f1ana desayunamos en el jard\u00edn escuchando periquitos y respirando naturaleza.\",\"breadcrumb\":{\"@id\":\"https:\\\/\\\/www.elmundodelasemociones.es\\\/Weblog\\\/dia-5-del-nirvana-al-rancho\\\/#breadcrumb\"},\"inLanguage\":\"es\",\"potentialAction\":[{\"@type\":\"ReadAction\",\"target\":[\"https:\\\/\\\/www.elmundodelasemociones.es\\\/Weblog\\\/dia-5-del-nirvana-al-rancho\\\/\"]}]},{\"@type\":\"ImageObject\",\"inLanguage\":\"es\",\"@id\":\"https:\\\/\\\/www.elmundodelasemociones.es\\\/Weblog\\\/dia-5-del-nirvana-al-rancho\\\/#primaryimage\",\"url\":\"https:\\\/\\\/www.elmundodelasemociones.es\\\/Weblog\\\/wp-content\\\/uploads\\\/2017\\\/08\\\/dia_5.png\",\"contentUrl\":\"https:\\\/\\\/www.elmundodelasemociones.es\\\/Weblog\\\/wp-content\\\/uploads\\\/2017\\\/08\\\/dia_5.png\",\"width\":304,\"height\":227,\"caption\":\"D\u00eda 5: Del nirvana al rancho\"},{\"@type\":\"BreadcrumbList\",\"@id\":\"https:\\\/\\\/www.elmundodelasemociones.es\\\/Weblog\\\/dia-5-del-nirvana-al-rancho\\\/#breadcrumb\",\"itemListElement\":[{\"@type\":\"ListItem\",\"position\":1,\"name\":\"Portada\",\"item\":\"https:\\\/\\\/www.elmundodelasemociones.es\\\/Weblog\\\/\"},{\"@type\":\"ListItem\",\"position\":2,\"name\":\"D\u00eda 5: Del nirvana al rancho\"}]},{\"@type\":\"WebSite\",\"@id\":\"https:\\\/\\\/www.elmundodelasemociones.es\\\/Weblog\\\/#website\",\"url\":\"https:\\\/\\\/www.elmundodelasemociones.es\\\/Weblog\\\/\",\"name\":\"El mundo de las emociones\",\"description\":\"El blog de &quot;el mundo de las emociones&quot;\",\"potentialAction\":[{\"@type\":\"SearchAction\",\"target\":{\"@type\":\"EntryPoint\",\"urlTemplate\":\"https:\\\/\\\/www.elmundodelasemociones.es\\\/Weblog\\\/?s={search_term_string}\"},\"query-input\":{\"@type\":\"PropertyValueSpecification\",\"valueRequired\":true,\"valueName\":\"search_term_string\"}}],\"inLanguage\":\"es\"},{\"@type\":\"Person\",\"@id\":\"https:\\\/\\\/www.elmundodelasemociones.es\\\/Weblog\\\/#\\\/schema\\\/person\\\/3347afe65707ef6291e18c43757ebfd8\",\"name\":\"admin\",\"image\":{\"@type\":\"ImageObject\",\"inLanguage\":\"es\",\"@id\":\"https:\\\/\\\/secure.gravatar.com\\\/avatar\\\/7c19c60a03e6b3ce43d6bb77b94f6e396240f2be922af03898f53886977d5d60?s=96&d=mm&r=g\",\"url\":\"https:\\\/\\\/secure.gravatar.com\\\/avatar\\\/7c19c60a03e6b3ce43d6bb77b94f6e396240f2be922af03898f53886977d5d60?s=96&d=mm&r=g\",\"contentUrl\":\"https:\\\/\\\/secure.gravatar.com\\\/avatar\\\/7c19c60a03e6b3ce43d6bb77b94f6e396240f2be922af03898f53886977d5d60?s=96&d=mm&r=g\",\"caption\":\"admin\"},\"sameAs\":[\"http:\\\/\\\/www.elmundodelasemociones.es\"],\"url\":\"https:\\\/\\\/www.elmundodelasemociones.es\\\/Weblog\\\/author\\\/admin\\\/\"}]}<\/script>\n<!-- \/ Yoast SEO plugin. -->","yoast_head_json":{"title":"D\u00eda 5: Del nirvana al rancho - El mundo de las emociones","description":"Pasamos la noche en un hotel en Pereira, la capital del eje cafetal. Por la ma\u00f1ana desayunamos en el jard\u00edn escuchando periquitos y respirando naturaleza.","robots":{"index":"index","follow":"follow","max-snippet":"max-snippet:-1","max-image-preview":"max-image-preview:large","max-video-preview":"max-video-preview:-1"},"canonical":"https:\/\/www.elmundodelasemociones.es\/Weblog\/dia-5-del-nirvana-al-rancho\/","og_locale":"es_ES","og_type":"article","og_title":"D\u00eda 5: Del nirvana al rancho - El mundo de las emociones","og_description":"Pasamos la noche en un hotel en Pereira, la capital del eje cafetal. Por la ma\u00f1ana desayunamos en el jard\u00edn escuchando periquitos y respirando naturaleza.","og_url":"https:\/\/www.elmundodelasemociones.es\/Weblog\/dia-5-del-nirvana-al-rancho\/","og_site_name":"El mundo de las emociones","article_published_time":"2017-08-16T06:52:21+00:00","article_modified_time":"2017-08-24T09:06:00+00:00","og_image":[{"url":"https:\/\/www.elmundodelasemociones.es\/Weblog\/wp-content\/uploads\/2017\/08\/dia_5.png","type":"","width":"","height":""}],"author":"admin","twitter_misc":{"Escrito por":"admin","Tiempo de lectura":"1 minuto"},"schema":{"@context":"https:\/\/schema.org","@graph":[{"@type":"Article","@id":"https:\/\/www.elmundodelasemociones.es\/Weblog\/dia-5-del-nirvana-al-rancho\/#article","isPartOf":{"@id":"https:\/\/www.elmundodelasemociones.es\/Weblog\/dia-5-del-nirvana-al-rancho\/"},"author":{"name":"admin","@id":"https:\/\/www.elmundodelasemociones.es\/Weblog\/#\/schema\/person\/3347afe65707ef6291e18c43757ebfd8"},"headline":"D\u00eda 5: Del nirvana al rancho","datePublished":"2017-08-16T06:52:21+00:00","dateModified":"2017-08-24T09:06:00+00:00","mainEntityOfPage":{"@id":"https:\/\/www.elmundodelasemociones.es\/Weblog\/dia-5-del-nirvana-al-rancho\/"},"wordCount":211,"commentCount":0,"image":{"@id":"https:\/\/www.elmundodelasemociones.es\/Weblog\/dia-5-del-nirvana-al-rancho\/#primaryimage"},"thumbnailUrl":"https:\/\/www.elmundodelasemociones.es\/Weblog\/wp-content\/uploads\/2017\/08\/dia_5.png","keywords":["Colombia","eje cafetal","monta\u00f1as","naturaleza","nirvana","Pereira","pueblecito","Salento","valle","viaje"],"articleSection":["El Diario de Maryam"],"inLanguage":"es","potentialAction":[{"@type":"CommentAction","name":"Comment","target":["https:\/\/www.elmundodelasemociones.es\/Weblog\/dia-5-del-nirvana-al-rancho\/#respond"]}]},{"@type":"WebPage","@id":"https:\/\/www.elmundodelasemociones.es\/Weblog\/dia-5-del-nirvana-al-rancho\/","url":"https:\/\/www.elmundodelasemociones.es\/Weblog\/dia-5-del-nirvana-al-rancho\/","name":"D\u00eda 5: Del nirvana al rancho - El mundo de las emociones","isPartOf":{"@id":"https:\/\/www.elmundodelasemociones.es\/Weblog\/#website"},"primaryImageOfPage":{"@id":"https:\/\/www.elmundodelasemociones.es\/Weblog\/dia-5-del-nirvana-al-rancho\/#primaryimage"},"image":{"@id":"https:\/\/www.elmundodelasemociones.es\/Weblog\/dia-5-del-nirvana-al-rancho\/#primaryimage"},"thumbnailUrl":"https:\/\/www.elmundodelasemociones.es\/Weblog\/wp-content\/uploads\/2017\/08\/dia_5.png","datePublished":"2017-08-16T06:52:21+00:00","dateModified":"2017-08-24T09:06:00+00:00","author":{"@id":"https:\/\/www.elmundodelasemociones.es\/Weblog\/#\/schema\/person\/3347afe65707ef6291e18c43757ebfd8"},"description":"Pasamos la noche en un hotel en Pereira, la capital del eje cafetal. Por la ma\u00f1ana desayunamos en el jard\u00edn escuchando periquitos y respirando naturaleza.","breadcrumb":{"@id":"https:\/\/www.elmundodelasemociones.es\/Weblog\/dia-5-del-nirvana-al-rancho\/#breadcrumb"},"inLanguage":"es","potentialAction":[{"@type":"ReadAction","target":["https:\/\/www.elmundodelasemociones.es\/Weblog\/dia-5-del-nirvana-al-rancho\/"]}]},{"@type":"ImageObject","inLanguage":"es","@id":"https:\/\/www.elmundodelasemociones.es\/Weblog\/dia-5-del-nirvana-al-rancho\/#primaryimage","url":"https:\/\/www.elmundodelasemociones.es\/Weblog\/wp-content\/uploads\/2017\/08\/dia_5.png","contentUrl":"https:\/\/www.elmundodelasemociones.es\/Weblog\/wp-content\/uploads\/2017\/08\/dia_5.png","width":304,"height":227,"caption":"D\u00eda 5: Del nirvana al rancho"},{"@type":"BreadcrumbList","@id":"https:\/\/www.elmundodelasemociones.es\/Weblog\/dia-5-del-nirvana-al-rancho\/#breadcrumb","itemListElement":[{"@type":"ListItem","position":1,"name":"Portada","item":"https:\/\/www.elmundodelasemociones.es\/Weblog\/"},{"@type":"ListItem","position":2,"name":"D\u00eda 5: Del nirvana al rancho"}]},{"@type":"WebSite","@id":"https:\/\/www.elmundodelasemociones.es\/Weblog\/#website","url":"https:\/\/www.elmundodelasemociones.es\/Weblog\/","name":"El mundo de las emociones","description":"El blog de &quot;el mundo de las emociones&quot;","potentialAction":[{"@type":"SearchAction","target":{"@type":"EntryPoint","urlTemplate":"https:\/\/www.elmundodelasemociones.es\/Weblog\/?s={search_term_string}"},"query-input":{"@type":"PropertyValueSpecification","valueRequired":true,"valueName":"search_term_string"}}],"inLanguage":"es"},{"@type":"Person","@id":"https:\/\/www.elmundodelasemociones.es\/Weblog\/#\/schema\/person\/3347afe65707ef6291e18c43757ebfd8","name":"admin","image":{"@type":"ImageObject","inLanguage":"es","@id":"https:\/\/secure.gravatar.com\/avatar\/7c19c60a03e6b3ce43d6bb77b94f6e396240f2be922af03898f53886977d5d60?s=96&d=mm&r=g","url":"https:\/\/secure.gravatar.com\/avatar\/7c19c60a03e6b3ce43d6bb77b94f6e396240f2be922af03898f53886977d5d60?s=96&d=mm&r=g","contentUrl":"https:\/\/secure.gravatar.com\/avatar\/7c19c60a03e6b3ce43d6bb77b94f6e396240f2be922af03898f53886977d5d60?s=96&d=mm&r=g","caption":"admin"},"sameAs":["http:\/\/www.elmundodelasemociones.es"],"url":"https:\/\/www.elmundodelasemociones.es\/Weblog\/author\/admin\/"}]}},"jetpack_featured_media_url":"","jetpack_sharing_enabled":true,"jetpack_shortlink":"https:\/\/wp.me\/p82iJT-KY","_links":{"self":[{"href":"https:\/\/www.elmundodelasemociones.es\/Weblog\/wp-json\/wp\/v2\/posts\/2912","targetHints":{"allow":["GET"]}}],"collection":[{"href":"https:\/\/www.elmundodelasemociones.es\/Weblog\/wp-json\/wp\/v2\/posts"}],"about":[{"href":"https:\/\/www.elmundodelasemociones.es\/Weblog\/wp-json\/wp\/v2\/types\/post"}],"author":[{"embeddable":true,"href":"https:\/\/www.elmundodelasemociones.es\/Weblog\/wp-json\/wp\/v2\/users\/1"}],"replies":[{"embeddable":true,"href":"https:\/\/www.elmundodelasemociones.es\/Weblog\/wp-json\/wp\/v2\/comments?post=2912"}],"version-history":[{"count":0,"href":"https:\/\/www.elmundodelasemociones.es\/Weblog\/wp-json\/wp\/v2\/posts\/2912\/revisions"}],"wp:attachment":[{"href":"https:\/\/www.elmundodelasemociones.es\/Weblog\/wp-json\/wp\/v2\/media?parent=2912"}],"wp:term":[{"taxonomy":"category","embeddable":true,"href":"https:\/\/www.elmundodelasemociones.es\/Weblog\/wp-json\/wp\/v2\/categories?post=2912"},{"taxonomy":"post_tag","embeddable":true,"href":"https:\/\/www.elmundodelasemociones.es\/Weblog\/wp-json\/wp\/v2\/tags?post=2912"}],"curies":[{"name":"wp","href":"https:\/\/api.w.org\/{rel}","templated":true}]}}