{"id":2909,"date":"2017-08-17T08:26:31","date_gmt":"2017-08-17T07:26:31","guid":{"rendered":"https:\/\/www.elmundodelasemociones.es\/Weblog\/?p=2909"},"modified":"2017-08-24T10:07:34","modified_gmt":"2017-08-24T09:07:34","slug":"dia-6-encuentro-la-familia-palacio","status":"publish","type":"post","link":"https:\/\/www.elmundodelasemociones.es\/Weblog\/dia-6-encuentro-la-familia-palacio\/","title":{"rendered":"D\u00eda 6: Encuentro con la familia Palacio"},"content":{"rendered":"<p><img loading=\"lazy\" decoding=\"async\" class=\"aligncenter size-full wp-image-2910\" src=\"https:\/\/www.elmundodelasemociones.es\/Weblog\/wp-content\/uploads\/2017\/08\/dia_6.png\" alt=\"D\u00eda 6: Encuentro con la familia Palacio\" width=\"304\" height=\"304\" srcset=\"https:\/\/www.elmundodelasemociones.es\/Weblog\/wp-content\/uploads\/2017\/08\/dia_6.png 304w, https:\/\/www.elmundodelasemociones.es\/Weblog\/wp-content\/uploads\/2017\/08\/dia_6-125x125.png 125w, https:\/\/www.elmundodelasemociones.es\/Weblog\/wp-content\/uploads\/2017\/08\/dia_6-300x300.png 300w\" sizes=\"auto, (max-width: 304px) 100vw, 304px\" \/><\/p>\n<p>Tras la noche ranchera un tanto austera, y un desayuno sobrio de esos poco cuidados y sin mimo (que poco me gusta la falta de delicadeza), <strong>nos vinieron a buscar<\/strong> los abuelos de mi querid\u00edsimo ni\u00f1o apadrinado, Juli\u00e1n, y de su bell\u00edsima mam\u00e1 Claudia para <strong>pasar un d\u00eda con una verdadera familia Colombiana.<\/strong> Lo pasamos s\u00faper s\u00faper RICO.<\/p>\n<p><strong>Primero paramos en Finlandia, otro pueblecito de gran colorido del eje cafetal.<\/strong> Tomamos caf\u00e9 charlando sobre el pa\u00eds, sobre la pol\u00edtica, sobre expresiones colombianas en el caf\u00e9 preferido de Juli\u00e1n. Luego <strong>almorzamos en su finca El Carmelo un lugar de paz en el centro de Armenia,<\/strong> aut\u00e9ntica comida colombiana. Sin embargo, <strong>lo m\u00e1s entra\u00f1able fue la compa\u00f1\u00eda.<\/strong> Nos acogieron con tanto cari\u00f1o, con tantas atenciones que <strong>uno se sinti\u00f3 por un d\u00eda parte de esta gran familia.<\/strong><\/p>\n<p>Despu\u00e9s de comer partimos a la Finca de caf\u00e9 El Guayabo, donde tuvimos la suerte que su t\u00edo, el propietario, nos explicara y nos mostrar\u00e1 con todo detalle el proceso desde la <strong>recolecci\u00f3n<\/strong> (que en Colombia por la topograf\u00eda se hace manual), el <strong>despulgue<\/strong> para quitar la cereza del grano, la <strong>fermentaci\u00f3n<\/strong> durante 25 horas, el <strong>lavado,<\/strong> el <strong>secado<\/strong> en hornos y ya por \u00faltimo el <strong>trille<\/strong> (la eliminaci\u00f3n del pergamino, y dejando el grano verde listo para ser clasificado por m\u00e1quinas seleccionadoras que lo hacen por tama\u00f1o y peso) <strong>Fue todo un aprendizaje de la cultura cafetal.<\/strong><\/p>\n<p>Por la noche nos fuimos a la finca de Sandra, la t\u00eda de Juli\u00e1n y hermana de Marcela a cenar. <strong>Que familia tan unida, tan cari\u00f1osa, tan acogedora&#8230;<\/strong> Dios no tengo palabras para describir como nos han cuidado y nos han tratado. Luego no quedamos a dormir en El Carmelo, la finca de los abuelitos, Amparito y \u00d3scar, no nos dejaron ir a un hotel. Son los aut\u00e9nticos anfitriones, <strong>el ejemplo del amor por la familia desde lo m\u00e1s profundo,<\/strong> de matrimonio con la personalidad y la complicidad de los a\u00f1os, del cuidado y del acogimiento. <strong>S\u00f3lo puedo decir GRACIAS Marcela y Juli\u00e1n<\/strong> por haberme permitido disfrutar de vuestra familia durante 24 horas, que se me hicieron escasas pero prometo volver en otro ratito.<\/p>\n","protected":false},"excerpt":{"rendered":"<p><img loading=\"lazy\" decoding=\"async\" class=\"aligncenter size-full wp-image-2910\" src=\"https:\/\/www.elmundodelasemociones.es\/Weblog\/wp-content\/uploads\/2017\/08\/dia_6.png\" alt=\"D\u00eda 6: Encuentro con la familia Palacio\" width=\"304\" height=\"304\" srcset=\"https:\/\/www.elmundodelasemociones.es\/Weblog\/wp-content\/uploads\/2017\/08\/dia_6.png 304w, https:\/\/www.elmundodelasemociones.es\/Weblog\/wp-content\/uploads\/2017\/08\/dia_6-125x125.png 125w, https:\/\/www.elmundodelasemociones.es\/Weblog\/wp-content\/uploads\/2017\/08\/dia_6-300x300.png 300w\" sizes=\"auto, (max-width: 304px) 100vw, 304px\" \/><\/p>\n<p>Tras la noche ranchera un tanto austera, y un desayuno sobrio de esos poco cuidados y sin mimo (que poco me gusta la falta de delicadeza), <strong>nos vinieron a buscar<\/strong> los abuelos de mi querid\u00edsimo ni\u00f1o apadrinado, Juli\u00e1n, y de su bell\u00edsima mam\u00e1 Claudia para <strong>pasar un d\u00eda con una verdadera familia Colombiana.<\/strong> Lo pasamos s\u00faper s\u00faper RICO.<\/p>\n","protected":false},"author":1,"featured_media":0,"comment_status":"open","ping_status":"open","sticky":false,"template":"","format":"standard","meta":{"_jetpack_memberships_contains_paid_content":false,"footnotes":""},"categories":[1927],"tags":[59,724,321,2013,347,1935,2037,383,2039,381,2040,2036,2038,2041,2042],"class_list":["post-2909","post","type-post","status-publish","format-standard","hentry","category-el-diario-de-maryam","tag-amor","tag-aprendizaje","tag-cafe","tag-colombia","tag-compania","tag-cultura","tag-despulgue","tag-familia","tag-fermentacion","tag-gracias","tag-lavado","tag-pueblo-colorido","tag-recoleccion","tag-secado","tag-trille"],"yoast_head":"<!-- This site is optimized with the Yoast SEO plugin v27.5 - https:\/\/yoast.com\/product\/yoast-seo-wordpress\/ -->\n<title>D\u00eda 6: Encuentro con la familia Palacio - El mundo de las emociones<\/title>\n<meta name=\"description\" content=\"Nos vinieron a buscar los abuelos de mi querid\u00edsimo ni\u00f1o apadrinado, Juli\u00e1n, y de su mam\u00e1 Claudia para pasar un d\u00eda con una verdadera familia Colombiana.\" \/>\n<meta name=\"robots\" content=\"index, follow, max-snippet:-1, max-image-preview:large, max-video-preview:-1\" \/>\n<link rel=\"canonical\" href=\"https:\/\/www.elmundodelasemociones.es\/Weblog\/dia-6-encuentro-la-familia-palacio\/\" \/>\n<meta property=\"og:locale\" content=\"es_ES\" \/>\n<meta property=\"og:type\" content=\"article\" \/>\n<meta property=\"og:title\" content=\"D\u00eda 6: Encuentro con la familia Palacio - El mundo de las emociones\" \/>\n<meta property=\"og:description\" content=\"Nos vinieron a buscar los abuelos de mi querid\u00edsimo ni\u00f1o apadrinado, Juli\u00e1n, y de su mam\u00e1 Claudia para pasar un d\u00eda con una verdadera familia Colombiana.\" \/>\n<meta property=\"og:url\" content=\"https:\/\/www.elmundodelasemociones.es\/Weblog\/dia-6-encuentro-la-familia-palacio\/\" \/>\n<meta property=\"og:site_name\" content=\"El mundo de las emociones\" \/>\n<meta property=\"article:published_time\" content=\"2017-08-17T07:26:31+00:00\" \/>\n<meta property=\"article:modified_time\" content=\"2017-08-24T09:07:34+00:00\" \/>\n<meta property=\"og:image\" content=\"https:\/\/www.elmundodelasemociones.es\/Weblog\/wp-content\/uploads\/2017\/08\/dia_6.png\" \/>\n<meta name=\"author\" content=\"admin\" \/>\n<meta name=\"twitter:label1\" content=\"Escrito por\" \/>\n\t<meta name=\"twitter:data1\" content=\"admin\" \/>\n\t<meta name=\"twitter:label2\" content=\"Tiempo de lectura\" \/>\n\t<meta name=\"twitter:data2\" content=\"2 minutos\" \/>\n<script type=\"application\/ld+json\" class=\"yoast-schema-graph\">{\"@context\":\"https:\\\/\\\/schema.org\",\"@graph\":[{\"@type\":\"Article\",\"@id\":\"https:\\\/\\\/www.elmundodelasemociones.es\\\/Weblog\\\/dia-6-encuentro-la-familia-palacio\\\/#article\",\"isPartOf\":{\"@id\":\"https:\\\/\\\/www.elmundodelasemociones.es\\\/Weblog\\\/dia-6-encuentro-la-familia-palacio\\\/\"},\"author\":{\"name\":\"admin\",\"@id\":\"https:\\\/\\\/www.elmundodelasemociones.es\\\/Weblog\\\/#\\\/schema\\\/person\\\/3347afe65707ef6291e18c43757ebfd8\"},\"headline\":\"D\u00eda 6: Encuentro con la familia Palacio\",\"datePublished\":\"2017-08-17T07:26:31+00:00\",\"dateModified\":\"2017-08-24T09:07:34+00:00\",\"mainEntityOfPage\":{\"@id\":\"https:\\\/\\\/www.elmundodelasemociones.es\\\/Weblog\\\/dia-6-encuentro-la-familia-palacio\\\/\"},\"wordCount\":394,\"commentCount\":0,\"image\":{\"@id\":\"https:\\\/\\\/www.elmundodelasemociones.es\\\/Weblog\\\/dia-6-encuentro-la-familia-palacio\\\/#primaryimage\"},\"thumbnailUrl\":\"https:\\\/\\\/www.elmundodelasemociones.es\\\/Weblog\\\/wp-content\\\/uploads\\\/2017\\\/08\\\/dia_6.png\",\"keywords\":[\"amor\",\"aprendizaje\",\"caf\u00e9\",\"Colombia\",\"compa\u00f1\u00eda\",\"cultura\",\"despulgue\",\"familia\",\"fermentaci\u00f3n\",\"gracias\",\"lavado\",\"pueblo colorido\",\"recolecci\u00f3n\",\"secado\",\"trille\"],\"articleSection\":[\"El Diario de Maryam\"],\"inLanguage\":\"es\",\"potentialAction\":[{\"@type\":\"CommentAction\",\"name\":\"Comment\",\"target\":[\"https:\\\/\\\/www.elmundodelasemociones.es\\\/Weblog\\\/dia-6-encuentro-la-familia-palacio\\\/#respond\"]}]},{\"@type\":\"WebPage\",\"@id\":\"https:\\\/\\\/www.elmundodelasemociones.es\\\/Weblog\\\/dia-6-encuentro-la-familia-palacio\\\/\",\"url\":\"https:\\\/\\\/www.elmundodelasemociones.es\\\/Weblog\\\/dia-6-encuentro-la-familia-palacio\\\/\",\"name\":\"D\u00eda 6: Encuentro con la familia Palacio - El mundo de las emociones\",\"isPartOf\":{\"@id\":\"https:\\\/\\\/www.elmundodelasemociones.es\\\/Weblog\\\/#website\"},\"primaryImageOfPage\":{\"@id\":\"https:\\\/\\\/www.elmundodelasemociones.es\\\/Weblog\\\/dia-6-encuentro-la-familia-palacio\\\/#primaryimage\"},\"image\":{\"@id\":\"https:\\\/\\\/www.elmundodelasemociones.es\\\/Weblog\\\/dia-6-encuentro-la-familia-palacio\\\/#primaryimage\"},\"thumbnailUrl\":\"https:\\\/\\\/www.elmundodelasemociones.es\\\/Weblog\\\/wp-content\\\/uploads\\\/2017\\\/08\\\/dia_6.png\",\"datePublished\":\"2017-08-17T07:26:31+00:00\",\"dateModified\":\"2017-08-24T09:07:34+00:00\",\"author\":{\"@id\":\"https:\\\/\\\/www.elmundodelasemociones.es\\\/Weblog\\\/#\\\/schema\\\/person\\\/3347afe65707ef6291e18c43757ebfd8\"},\"description\":\"Nos vinieron a buscar los abuelos de mi querid\u00edsimo ni\u00f1o apadrinado, Juli\u00e1n, y de su mam\u00e1 Claudia para pasar un d\u00eda con una verdadera familia Colombiana.\",\"breadcrumb\":{\"@id\":\"https:\\\/\\\/www.elmundodelasemociones.es\\\/Weblog\\\/dia-6-encuentro-la-familia-palacio\\\/#breadcrumb\"},\"inLanguage\":\"es\",\"potentialAction\":[{\"@type\":\"ReadAction\",\"target\":[\"https:\\\/\\\/www.elmundodelasemociones.es\\\/Weblog\\\/dia-6-encuentro-la-familia-palacio\\\/\"]}]},{\"@type\":\"ImageObject\",\"inLanguage\":\"es\",\"@id\":\"https:\\\/\\\/www.elmundodelasemociones.es\\\/Weblog\\\/dia-6-encuentro-la-familia-palacio\\\/#primaryimage\",\"url\":\"https:\\\/\\\/www.elmundodelasemociones.es\\\/Weblog\\\/wp-content\\\/uploads\\\/2017\\\/08\\\/dia_6.png\",\"contentUrl\":\"https:\\\/\\\/www.elmundodelasemociones.es\\\/Weblog\\\/wp-content\\\/uploads\\\/2017\\\/08\\\/dia_6.png\",\"width\":304,\"height\":304,\"caption\":\"D\u00eda 6: Encuentro con la familia Palacio\"},{\"@type\":\"BreadcrumbList\",\"@id\":\"https:\\\/\\\/www.elmundodelasemociones.es\\\/Weblog\\\/dia-6-encuentro-la-familia-palacio\\\/#breadcrumb\",\"itemListElement\":[{\"@type\":\"ListItem\",\"position\":1,\"name\":\"Portada\",\"item\":\"https:\\\/\\\/www.elmundodelasemociones.es\\\/Weblog\\\/\"},{\"@type\":\"ListItem\",\"position\":2,\"name\":\"D\u00eda 6: Encuentro con la familia Palacio\"}]},{\"@type\":\"WebSite\",\"@id\":\"https:\\\/\\\/www.elmundodelasemociones.es\\\/Weblog\\\/#website\",\"url\":\"https:\\\/\\\/www.elmundodelasemociones.es\\\/Weblog\\\/\",\"name\":\"El mundo de las emociones\",\"description\":\"El blog de &quot;el mundo de las emociones&quot;\",\"potentialAction\":[{\"@type\":\"SearchAction\",\"target\":{\"@type\":\"EntryPoint\",\"urlTemplate\":\"https:\\\/\\\/www.elmundodelasemociones.es\\\/Weblog\\\/?s={search_term_string}\"},\"query-input\":{\"@type\":\"PropertyValueSpecification\",\"valueRequired\":true,\"valueName\":\"search_term_string\"}}],\"inLanguage\":\"es\"},{\"@type\":\"Person\",\"@id\":\"https:\\\/\\\/www.elmundodelasemociones.es\\\/Weblog\\\/#\\\/schema\\\/person\\\/3347afe65707ef6291e18c43757ebfd8\",\"name\":\"admin\",\"image\":{\"@type\":\"ImageObject\",\"inLanguage\":\"es\",\"@id\":\"https:\\\/\\\/secure.gravatar.com\\\/avatar\\\/7c19c60a03e6b3ce43d6bb77b94f6e396240f2be922af03898f53886977d5d60?s=96&d=mm&r=g\",\"url\":\"https:\\\/\\\/secure.gravatar.com\\\/avatar\\\/7c19c60a03e6b3ce43d6bb77b94f6e396240f2be922af03898f53886977d5d60?s=96&d=mm&r=g\",\"contentUrl\":\"https:\\\/\\\/secure.gravatar.com\\\/avatar\\\/7c19c60a03e6b3ce43d6bb77b94f6e396240f2be922af03898f53886977d5d60?s=96&d=mm&r=g\",\"caption\":\"admin\"},\"sameAs\":[\"http:\\\/\\\/www.elmundodelasemociones.es\"],\"url\":\"https:\\\/\\\/www.elmundodelasemociones.es\\\/Weblog\\\/author\\\/admin\\\/\"}]}<\/script>\n<!-- \/ Yoast SEO plugin. -->","yoast_head_json":{"title":"D\u00eda 6: Encuentro con la familia Palacio - El mundo de las emociones","description":"Nos vinieron a buscar los abuelos de mi querid\u00edsimo ni\u00f1o apadrinado, Juli\u00e1n, y de su mam\u00e1 Claudia para pasar un d\u00eda con una verdadera familia Colombiana.","robots":{"index":"index","follow":"follow","max-snippet":"max-snippet:-1","max-image-preview":"max-image-preview:large","max-video-preview":"max-video-preview:-1"},"canonical":"https:\/\/www.elmundodelasemociones.es\/Weblog\/dia-6-encuentro-la-familia-palacio\/","og_locale":"es_ES","og_type":"article","og_title":"D\u00eda 6: Encuentro con la familia Palacio - El mundo de las emociones","og_description":"Nos vinieron a buscar los abuelos de mi querid\u00edsimo ni\u00f1o apadrinado, Juli\u00e1n, y de su mam\u00e1 Claudia para pasar un d\u00eda con una verdadera familia Colombiana.","og_url":"https:\/\/www.elmundodelasemociones.es\/Weblog\/dia-6-encuentro-la-familia-palacio\/","og_site_name":"El mundo de las emociones","article_published_time":"2017-08-17T07:26:31+00:00","article_modified_time":"2017-08-24T09:07:34+00:00","og_image":[{"url":"https:\/\/www.elmundodelasemociones.es\/Weblog\/wp-content\/uploads\/2017\/08\/dia_6.png","type":"","width":"","height":""}],"author":"admin","twitter_misc":{"Escrito por":"admin","Tiempo de lectura":"2 minutos"},"schema":{"@context":"https:\/\/schema.org","@graph":[{"@type":"Article","@id":"https:\/\/www.elmundodelasemociones.es\/Weblog\/dia-6-encuentro-la-familia-palacio\/#article","isPartOf":{"@id":"https:\/\/www.elmundodelasemociones.es\/Weblog\/dia-6-encuentro-la-familia-palacio\/"},"author":{"name":"admin","@id":"https:\/\/www.elmundodelasemociones.es\/Weblog\/#\/schema\/person\/3347afe65707ef6291e18c43757ebfd8"},"headline":"D\u00eda 6: Encuentro con la familia Palacio","datePublished":"2017-08-17T07:26:31+00:00","dateModified":"2017-08-24T09:07:34+00:00","mainEntityOfPage":{"@id":"https:\/\/www.elmundodelasemociones.es\/Weblog\/dia-6-encuentro-la-familia-palacio\/"},"wordCount":394,"commentCount":0,"image":{"@id":"https:\/\/www.elmundodelasemociones.es\/Weblog\/dia-6-encuentro-la-familia-palacio\/#primaryimage"},"thumbnailUrl":"https:\/\/www.elmundodelasemociones.es\/Weblog\/wp-content\/uploads\/2017\/08\/dia_6.png","keywords":["amor","aprendizaje","caf\u00e9","Colombia","compa\u00f1\u00eda","cultura","despulgue","familia","fermentaci\u00f3n","gracias","lavado","pueblo colorido","recolecci\u00f3n","secado","trille"],"articleSection":["El Diario de Maryam"],"inLanguage":"es","potentialAction":[{"@type":"CommentAction","name":"Comment","target":["https:\/\/www.elmundodelasemociones.es\/Weblog\/dia-6-encuentro-la-familia-palacio\/#respond"]}]},{"@type":"WebPage","@id":"https:\/\/www.elmundodelasemociones.es\/Weblog\/dia-6-encuentro-la-familia-palacio\/","url":"https:\/\/www.elmundodelasemociones.es\/Weblog\/dia-6-encuentro-la-familia-palacio\/","name":"D\u00eda 6: Encuentro con la familia Palacio - El mundo de las emociones","isPartOf":{"@id":"https:\/\/www.elmundodelasemociones.es\/Weblog\/#website"},"primaryImageOfPage":{"@id":"https:\/\/www.elmundodelasemociones.es\/Weblog\/dia-6-encuentro-la-familia-palacio\/#primaryimage"},"image":{"@id":"https:\/\/www.elmundodelasemociones.es\/Weblog\/dia-6-encuentro-la-familia-palacio\/#primaryimage"},"thumbnailUrl":"https:\/\/www.elmundodelasemociones.es\/Weblog\/wp-content\/uploads\/2017\/08\/dia_6.png","datePublished":"2017-08-17T07:26:31+00:00","dateModified":"2017-08-24T09:07:34+00:00","author":{"@id":"https:\/\/www.elmundodelasemociones.es\/Weblog\/#\/schema\/person\/3347afe65707ef6291e18c43757ebfd8"},"description":"Nos vinieron a buscar los abuelos de mi querid\u00edsimo ni\u00f1o apadrinado, Juli\u00e1n, y de su mam\u00e1 Claudia para pasar un d\u00eda con una verdadera familia Colombiana.","breadcrumb":{"@id":"https:\/\/www.elmundodelasemociones.es\/Weblog\/dia-6-encuentro-la-familia-palacio\/#breadcrumb"},"inLanguage":"es","potentialAction":[{"@type":"ReadAction","target":["https:\/\/www.elmundodelasemociones.es\/Weblog\/dia-6-encuentro-la-familia-palacio\/"]}]},{"@type":"ImageObject","inLanguage":"es","@id":"https:\/\/www.elmundodelasemociones.es\/Weblog\/dia-6-encuentro-la-familia-palacio\/#primaryimage","url":"https:\/\/www.elmundodelasemociones.es\/Weblog\/wp-content\/uploads\/2017\/08\/dia_6.png","contentUrl":"https:\/\/www.elmundodelasemociones.es\/Weblog\/wp-content\/uploads\/2017\/08\/dia_6.png","width":304,"height":304,"caption":"D\u00eda 6: Encuentro con la familia Palacio"},{"@type":"BreadcrumbList","@id":"https:\/\/www.elmundodelasemociones.es\/Weblog\/dia-6-encuentro-la-familia-palacio\/#breadcrumb","itemListElement":[{"@type":"ListItem","position":1,"name":"Portada","item":"https:\/\/www.elmundodelasemociones.es\/Weblog\/"},{"@type":"ListItem","position":2,"name":"D\u00eda 6: Encuentro con la familia Palacio"}]},{"@type":"WebSite","@id":"https:\/\/www.elmundodelasemociones.es\/Weblog\/#website","url":"https:\/\/www.elmundodelasemociones.es\/Weblog\/","name":"El mundo de las emociones","description":"El blog de &quot;el mundo de las emociones&quot;","potentialAction":[{"@type":"SearchAction","target":{"@type":"EntryPoint","urlTemplate":"https:\/\/www.elmundodelasemociones.es\/Weblog\/?s={search_term_string}"},"query-input":{"@type":"PropertyValueSpecification","valueRequired":true,"valueName":"search_term_string"}}],"inLanguage":"es"},{"@type":"Person","@id":"https:\/\/www.elmundodelasemociones.es\/Weblog\/#\/schema\/person\/3347afe65707ef6291e18c43757ebfd8","name":"admin","image":{"@type":"ImageObject","inLanguage":"es","@id":"https:\/\/secure.gravatar.com\/avatar\/7c19c60a03e6b3ce43d6bb77b94f6e396240f2be922af03898f53886977d5d60?s=96&d=mm&r=g","url":"https:\/\/secure.gravatar.com\/avatar\/7c19c60a03e6b3ce43d6bb77b94f6e396240f2be922af03898f53886977d5d60?s=96&d=mm&r=g","contentUrl":"https:\/\/secure.gravatar.com\/avatar\/7c19c60a03e6b3ce43d6bb77b94f6e396240f2be922af03898f53886977d5d60?s=96&d=mm&r=g","caption":"admin"},"sameAs":["http:\/\/www.elmundodelasemociones.es"],"url":"https:\/\/www.elmundodelasemociones.es\/Weblog\/author\/admin\/"}]}},"jetpack_featured_media_url":"","jetpack_sharing_enabled":true,"jetpack_shortlink":"https:\/\/wp.me\/p82iJT-KV","_links":{"self":[{"href":"https:\/\/www.elmundodelasemociones.es\/Weblog\/wp-json\/wp\/v2\/posts\/2909","targetHints":{"allow":["GET"]}}],"collection":[{"href":"https:\/\/www.elmundodelasemociones.es\/Weblog\/wp-json\/wp\/v2\/posts"}],"about":[{"href":"https:\/\/www.elmundodelasemociones.es\/Weblog\/wp-json\/wp\/v2\/types\/post"}],"author":[{"embeddable":true,"href":"https:\/\/www.elmundodelasemociones.es\/Weblog\/wp-json\/wp\/v2\/users\/1"}],"replies":[{"embeddable":true,"href":"https:\/\/www.elmundodelasemociones.es\/Weblog\/wp-json\/wp\/v2\/comments?post=2909"}],"version-history":[{"count":0,"href":"https:\/\/www.elmundodelasemociones.es\/Weblog\/wp-json\/wp\/v2\/posts\/2909\/revisions"}],"wp:attachment":[{"href":"https:\/\/www.elmundodelasemociones.es\/Weblog\/wp-json\/wp\/v2\/media?parent=2909"}],"wp:term":[{"taxonomy":"category","embeddable":true,"href":"https:\/\/www.elmundodelasemociones.es\/Weblog\/wp-json\/wp\/v2\/categories?post=2909"},{"taxonomy":"post_tag","embeddable":true,"href":"https:\/\/www.elmundodelasemociones.es\/Weblog\/wp-json\/wp\/v2\/tags?post=2909"}],"curies":[{"name":"wp","href":"https:\/\/api.w.org\/{rel}","templated":true}]}}