{"id":2905,"date":"2017-08-15T08:16:39","date_gmt":"2017-08-15T07:16:39","guid":{"rendered":"https:\/\/www.elmundodelasemociones.es\/Weblog\/?p=2905"},"modified":"2017-08-24T10:05:10","modified_gmt":"2017-08-24T09:05:10","slug":"dia-4-reencontrandonos-nuestra-esencia","status":"publish","type":"post","link":"https:\/\/www.elmundodelasemociones.es\/Weblog\/dia-4-reencontrandonos-nuestra-esencia\/","title":{"rendered":"D\u00eda 4: Reencontr\u00e1ndonos con nuestra esencia"},"content":{"rendered":"<p><img loading=\"lazy\" decoding=\"async\" class=\"aligncenter wp-image-2906 size-full\" src=\"https:\/\/www.elmundodelasemociones.es\/Weblog\/wp-content\/uploads\/2017\/08\/dia_4.png\" alt=\"D\u00eda 4: Reencontr\u00e1ndonos con nuestra esencia\" width=\"304\" height=\"227\" srcset=\"https:\/\/www.elmundodelasemociones.es\/Weblog\/wp-content\/uploads\/2017\/08\/dia_4.png 304w, https:\/\/www.elmundodelasemociones.es\/Weblog\/wp-content\/uploads\/2017\/08\/dia_4-300x224.png 300w\" sizes=\"auto, (max-width: 304px) 100vw, 304px\" \/><\/p>\n<p>Ya en el cuarto d\u00eda empezamos a encajar en el pa\u00eds; lo tengo comprobado, cada pa\u00eds me toma <strong>3 d\u00edas de acoplamiento para sentirme plenamente Yo en un nuevo entorno.<\/strong><\/p>\n<p>Nos levantamos con calma, disfrutamos de una maravilloso desayuno; nuestra comida preferida del d\u00eda. Luego fuimos a la sauna y a la peluquer\u00eda, <strong>necesit\u00e1bamos volver a sentirnos nosotras mismas y salir del estado de decadencia f\u00edsica al que est\u00e1bamos llegando<\/strong> con tanto fr\u00edo y tanto disfraz (es cierto que las dos somos de cuidarnos y tambi\u00e9n que estos servicios aqu\u00ed son muy baratos y compensa aprovecharlos).<\/p>\n<p>Despu\u00e9s nos fuimos de paseo por la zona T, viendo que el clima iba a seguir as\u00ed decidimos que ten\u00edamos que resolver y hacer algo al respecto, sino no \u00edbamos a poder disfrutar como dese\u00e1bamos del viaje. Paseamos por la zona llena de tiendas y restaurantes, nos compramos algo de ropa de abrigo, al menos nos aseguramos que fuera <strong>made in Colombia.<\/strong><\/p>\n<p>Hizo un d\u00eda muy bonito de sol y disfrutamos mucho del paseo por las grandes y amplias avenidas llenas de \u00e1rboles y lugares con encanto.<\/p>\n<p>Ya luego al caer la tarde nos fuimos al aeropuerto para coger el vuelo la Latam rumbo a Pereira, no sin antes disfrutar de un chardoney con papatitas con sal de Himalaya.<\/p>\n<p><strong> Curiosos efectos de la globalizaci\u00f3n que uno se encuentra por el mundo.<\/strong><\/p>\n","protected":false},"excerpt":{"rendered":"<p><img loading=\"lazy\" decoding=\"async\" class=\"aligncenter wp-image-2906 size-full\" src=\"https:\/\/www.elmundodelasemociones.es\/Weblog\/wp-content\/uploads\/2017\/08\/dia_4.png\" alt=\"D\u00eda 4: Reencontr\u00e1ndonos con nuestra esencia\" width=\"304\" height=\"227\" srcset=\"https:\/\/www.elmundodelasemociones.es\/Weblog\/wp-content\/uploads\/2017\/08\/dia_4.png 304w, https:\/\/www.elmundodelasemociones.es\/Weblog\/wp-content\/uploads\/2017\/08\/dia_4-300x224.png 300w\" sizes=\"auto, (max-width: 304px) 100vw, 304px\" \/><\/p>\n<p>Ya en el cuarto d\u00eda empezamos a encajar en el pa\u00eds; lo tengo comprobado, cada pa\u00eds me toma <strong>3 d\u00edas de acoplamiento para sentirme plenamente Yo en un nuevo entorno.<\/strong><\/p>\n<p>Nos levantamos con calma, disfrutamos de una maravilloso desayuno; nuestra comida preferida del d\u00eda. Luego fuimos a la sauna y a la peluquer\u00eda, <strong>necesit\u00e1bamos volver a sentirnos nosotras mismas y salir del estado de decadencia f\u00edsica al que est\u00e1bamos llegando<\/strong> con tanto fr\u00edo y tanto disfraz (es cierto que las dos somos de cuidarnos y tambi\u00e9n que estos servicios aqu\u00ed son muy baratos y compensa aprovecharlos).<\/p>\n","protected":false},"author":1,"featured_media":0,"comment_status":"open","ping_status":"open","sticky":false,"template":"","format":"standard","meta":{"_jetpack_memberships_contains_paid_content":false,"footnotes":""},"categories":[1927],"tags":[2030,2032,2013,2031,292,2035,2029,864,2034,2033,1429,27,501,637],"class_list":["post-2905","post","type-post","status-publish","format-standard","hentry","category-el-diario-de-maryam","tag-acoplarse","tag-clima","tag-colombia","tag-decadencia","tag-disfrutar","tag-efectos","tag-esencia","tag-frio","tag-globalizacion","tag-latam","tag-lluvia","tag-reencontrarse","tag-sol","tag-viaje"],"yoast_head":"<!-- This site is optimized with the Yoast SEO plugin v27.5 - https:\/\/yoast.com\/product\/yoast-seo-wordpress\/ -->\n<title>D\u00eda 4: Reencontr\u00e1ndonos con nuestra esencia - El mundo de las emociones<\/title>\n<meta name=\"description\" content=\"Ya en el 4\u00ba d\u00eda empezamos a encajar; lo tengo comprobado, cada pa\u00eds me toma 3 d\u00edas de acoplamiento para sentirme plenamente Yo en un nuevo entorno.\" \/>\n<meta name=\"robots\" content=\"index, follow, max-snippet:-1, max-image-preview:large, max-video-preview:-1\" \/>\n<link rel=\"canonical\" href=\"https:\/\/www.elmundodelasemociones.es\/Weblog\/dia-4-reencontrandonos-nuestra-esencia\/\" \/>\n<meta property=\"og:locale\" content=\"es_ES\" \/>\n<meta property=\"og:type\" content=\"article\" \/>\n<meta property=\"og:title\" content=\"D\u00eda 4: Reencontr\u00e1ndonos con nuestra esencia - El mundo de las emociones\" \/>\n<meta property=\"og:description\" content=\"Ya en el 4\u00ba d\u00eda empezamos a encajar; lo tengo comprobado, cada pa\u00eds me toma 3 d\u00edas de acoplamiento para sentirme plenamente Yo en un nuevo entorno.\" \/>\n<meta property=\"og:url\" content=\"https:\/\/www.elmundodelasemociones.es\/Weblog\/dia-4-reencontrandonos-nuestra-esencia\/\" \/>\n<meta property=\"og:site_name\" content=\"El mundo de las emociones\" \/>\n<meta property=\"article:published_time\" content=\"2017-08-15T07:16:39+00:00\" \/>\n<meta property=\"article:modified_time\" content=\"2017-08-24T09:05:10+00:00\" \/>\n<meta property=\"og:image\" content=\"https:\/\/www.elmundodelasemociones.es\/Weblog\/wp-content\/uploads\/2017\/08\/dia_4.png\" \/>\n<meta name=\"author\" content=\"admin\" \/>\n<meta name=\"twitter:label1\" content=\"Escrito por\" \/>\n\t<meta name=\"twitter:data1\" content=\"admin\" \/>\n\t<meta name=\"twitter:label2\" content=\"Tiempo de lectura\" \/>\n\t<meta name=\"twitter:data2\" content=\"1 minuto\" \/>\n<script type=\"application\/ld+json\" class=\"yoast-schema-graph\">{\"@context\":\"https:\\\/\\\/schema.org\",\"@graph\":[{\"@type\":\"Article\",\"@id\":\"https:\\\/\\\/www.elmundodelasemociones.es\\\/Weblog\\\/dia-4-reencontrandonos-nuestra-esencia\\\/#article\",\"isPartOf\":{\"@id\":\"https:\\\/\\\/www.elmundodelasemociones.es\\\/Weblog\\\/dia-4-reencontrandonos-nuestra-esencia\\\/\"},\"author\":{\"name\":\"admin\",\"@id\":\"https:\\\/\\\/www.elmundodelasemociones.es\\\/Weblog\\\/#\\\/schema\\\/person\\\/3347afe65707ef6291e18c43757ebfd8\"},\"headline\":\"D\u00eda 4: Reencontr\u00e1ndonos con nuestra esencia\",\"datePublished\":\"2017-08-15T07:16:39+00:00\",\"dateModified\":\"2017-08-24T09:05:10+00:00\",\"mainEntityOfPage\":{\"@id\":\"https:\\\/\\\/www.elmundodelasemociones.es\\\/Weblog\\\/dia-4-reencontrandonos-nuestra-esencia\\\/\"},\"wordCount\":249,\"commentCount\":0,\"image\":{\"@id\":\"https:\\\/\\\/www.elmundodelasemociones.es\\\/Weblog\\\/dia-4-reencontrandonos-nuestra-esencia\\\/#primaryimage\"},\"thumbnailUrl\":\"https:\\\/\\\/www.elmundodelasemociones.es\\\/Weblog\\\/wp-content\\\/uploads\\\/2017\\\/08\\\/dia_4.png\",\"keywords\":[\"acoplarse\",\"clima\",\"Colombia\",\"decadencia\",\"disfrutar\",\"efectos\",\"esencia\",\"fr\u00edo\",\"globalizaci\u00f3n\",\"Latam\",\"lluvia\",\"reencontrarse\",\"sol\",\"viaje\"],\"articleSection\":[\"El Diario de Maryam\"],\"inLanguage\":\"es\",\"potentialAction\":[{\"@type\":\"CommentAction\",\"name\":\"Comment\",\"target\":[\"https:\\\/\\\/www.elmundodelasemociones.es\\\/Weblog\\\/dia-4-reencontrandonos-nuestra-esencia\\\/#respond\"]}]},{\"@type\":\"WebPage\",\"@id\":\"https:\\\/\\\/www.elmundodelasemociones.es\\\/Weblog\\\/dia-4-reencontrandonos-nuestra-esencia\\\/\",\"url\":\"https:\\\/\\\/www.elmundodelasemociones.es\\\/Weblog\\\/dia-4-reencontrandonos-nuestra-esencia\\\/\",\"name\":\"D\u00eda 4: Reencontr\u00e1ndonos con nuestra esencia - El mundo de las emociones\",\"isPartOf\":{\"@id\":\"https:\\\/\\\/www.elmundodelasemociones.es\\\/Weblog\\\/#website\"},\"primaryImageOfPage\":{\"@id\":\"https:\\\/\\\/www.elmundodelasemociones.es\\\/Weblog\\\/dia-4-reencontrandonos-nuestra-esencia\\\/#primaryimage\"},\"image\":{\"@id\":\"https:\\\/\\\/www.elmundodelasemociones.es\\\/Weblog\\\/dia-4-reencontrandonos-nuestra-esencia\\\/#primaryimage\"},\"thumbnailUrl\":\"https:\\\/\\\/www.elmundodelasemociones.es\\\/Weblog\\\/wp-content\\\/uploads\\\/2017\\\/08\\\/dia_4.png\",\"datePublished\":\"2017-08-15T07:16:39+00:00\",\"dateModified\":\"2017-08-24T09:05:10+00:00\",\"author\":{\"@id\":\"https:\\\/\\\/www.elmundodelasemociones.es\\\/Weblog\\\/#\\\/schema\\\/person\\\/3347afe65707ef6291e18c43757ebfd8\"},\"description\":\"Ya en el 4\u00ba d\u00eda empezamos a encajar; lo tengo comprobado, cada pa\u00eds me toma 3 d\u00edas de acoplamiento para sentirme plenamente Yo en un nuevo entorno.\",\"breadcrumb\":{\"@id\":\"https:\\\/\\\/www.elmundodelasemociones.es\\\/Weblog\\\/dia-4-reencontrandonos-nuestra-esencia\\\/#breadcrumb\"},\"inLanguage\":\"es\",\"potentialAction\":[{\"@type\":\"ReadAction\",\"target\":[\"https:\\\/\\\/www.elmundodelasemociones.es\\\/Weblog\\\/dia-4-reencontrandonos-nuestra-esencia\\\/\"]}]},{\"@type\":\"ImageObject\",\"inLanguage\":\"es\",\"@id\":\"https:\\\/\\\/www.elmundodelasemociones.es\\\/Weblog\\\/dia-4-reencontrandonos-nuestra-esencia\\\/#primaryimage\",\"url\":\"https:\\\/\\\/www.elmundodelasemociones.es\\\/Weblog\\\/wp-content\\\/uploads\\\/2017\\\/08\\\/dia_4.png\",\"contentUrl\":\"https:\\\/\\\/www.elmundodelasemociones.es\\\/Weblog\\\/wp-content\\\/uploads\\\/2017\\\/08\\\/dia_4.png\",\"width\":304,\"height\":227,\"caption\":\"D\u00eda 4: Reencontr\u00e1ndonos con nuestra esencia\"},{\"@type\":\"BreadcrumbList\",\"@id\":\"https:\\\/\\\/www.elmundodelasemociones.es\\\/Weblog\\\/dia-4-reencontrandonos-nuestra-esencia\\\/#breadcrumb\",\"itemListElement\":[{\"@type\":\"ListItem\",\"position\":1,\"name\":\"Portada\",\"item\":\"https:\\\/\\\/www.elmundodelasemociones.es\\\/Weblog\\\/\"},{\"@type\":\"ListItem\",\"position\":2,\"name\":\"D\u00eda 4: Reencontr\u00e1ndonos con nuestra esencia\"}]},{\"@type\":\"WebSite\",\"@id\":\"https:\\\/\\\/www.elmundodelasemociones.es\\\/Weblog\\\/#website\",\"url\":\"https:\\\/\\\/www.elmundodelasemociones.es\\\/Weblog\\\/\",\"name\":\"El mundo de las emociones\",\"description\":\"El blog de &quot;el mundo de las emociones&quot;\",\"potentialAction\":[{\"@type\":\"SearchAction\",\"target\":{\"@type\":\"EntryPoint\",\"urlTemplate\":\"https:\\\/\\\/www.elmundodelasemociones.es\\\/Weblog\\\/?s={search_term_string}\"},\"query-input\":{\"@type\":\"PropertyValueSpecification\",\"valueRequired\":true,\"valueName\":\"search_term_string\"}}],\"inLanguage\":\"es\"},{\"@type\":\"Person\",\"@id\":\"https:\\\/\\\/www.elmundodelasemociones.es\\\/Weblog\\\/#\\\/schema\\\/person\\\/3347afe65707ef6291e18c43757ebfd8\",\"name\":\"admin\",\"image\":{\"@type\":\"ImageObject\",\"inLanguage\":\"es\",\"@id\":\"https:\\\/\\\/secure.gravatar.com\\\/avatar\\\/7c19c60a03e6b3ce43d6bb77b94f6e396240f2be922af03898f53886977d5d60?s=96&d=mm&r=g\",\"url\":\"https:\\\/\\\/secure.gravatar.com\\\/avatar\\\/7c19c60a03e6b3ce43d6bb77b94f6e396240f2be922af03898f53886977d5d60?s=96&d=mm&r=g\",\"contentUrl\":\"https:\\\/\\\/secure.gravatar.com\\\/avatar\\\/7c19c60a03e6b3ce43d6bb77b94f6e396240f2be922af03898f53886977d5d60?s=96&d=mm&r=g\",\"caption\":\"admin\"},\"sameAs\":[\"http:\\\/\\\/www.elmundodelasemociones.es\"],\"url\":\"https:\\\/\\\/www.elmundodelasemociones.es\\\/Weblog\\\/author\\\/admin\\\/\"}]}<\/script>\n<!-- \/ Yoast SEO plugin. -->","yoast_head_json":{"title":"D\u00eda 4: Reencontr\u00e1ndonos con nuestra esencia - El mundo de las emociones","description":"Ya en el 4\u00ba d\u00eda empezamos a encajar; lo tengo comprobado, cada pa\u00eds me toma 3 d\u00edas de acoplamiento para sentirme plenamente Yo en un nuevo entorno.","robots":{"index":"index","follow":"follow","max-snippet":"max-snippet:-1","max-image-preview":"max-image-preview:large","max-video-preview":"max-video-preview:-1"},"canonical":"https:\/\/www.elmundodelasemociones.es\/Weblog\/dia-4-reencontrandonos-nuestra-esencia\/","og_locale":"es_ES","og_type":"article","og_title":"D\u00eda 4: Reencontr\u00e1ndonos con nuestra esencia - El mundo de las emociones","og_description":"Ya en el 4\u00ba d\u00eda empezamos a encajar; lo tengo comprobado, cada pa\u00eds me toma 3 d\u00edas de acoplamiento para sentirme plenamente Yo en un nuevo entorno.","og_url":"https:\/\/www.elmundodelasemociones.es\/Weblog\/dia-4-reencontrandonos-nuestra-esencia\/","og_site_name":"El mundo de las emociones","article_published_time":"2017-08-15T07:16:39+00:00","article_modified_time":"2017-08-24T09:05:10+00:00","og_image":[{"url":"https:\/\/www.elmundodelasemociones.es\/Weblog\/wp-content\/uploads\/2017\/08\/dia_4.png","type":"","width":"","height":""}],"author":"admin","twitter_misc":{"Escrito por":"admin","Tiempo de lectura":"1 minuto"},"schema":{"@context":"https:\/\/schema.org","@graph":[{"@type":"Article","@id":"https:\/\/www.elmundodelasemociones.es\/Weblog\/dia-4-reencontrandonos-nuestra-esencia\/#article","isPartOf":{"@id":"https:\/\/www.elmundodelasemociones.es\/Weblog\/dia-4-reencontrandonos-nuestra-esencia\/"},"author":{"name":"admin","@id":"https:\/\/www.elmundodelasemociones.es\/Weblog\/#\/schema\/person\/3347afe65707ef6291e18c43757ebfd8"},"headline":"D\u00eda 4: Reencontr\u00e1ndonos con nuestra esencia","datePublished":"2017-08-15T07:16:39+00:00","dateModified":"2017-08-24T09:05:10+00:00","mainEntityOfPage":{"@id":"https:\/\/www.elmundodelasemociones.es\/Weblog\/dia-4-reencontrandonos-nuestra-esencia\/"},"wordCount":249,"commentCount":0,"image":{"@id":"https:\/\/www.elmundodelasemociones.es\/Weblog\/dia-4-reencontrandonos-nuestra-esencia\/#primaryimage"},"thumbnailUrl":"https:\/\/www.elmundodelasemociones.es\/Weblog\/wp-content\/uploads\/2017\/08\/dia_4.png","keywords":["acoplarse","clima","Colombia","decadencia","disfrutar","efectos","esencia","fr\u00edo","globalizaci\u00f3n","Latam","lluvia","reencontrarse","sol","viaje"],"articleSection":["El Diario de Maryam"],"inLanguage":"es","potentialAction":[{"@type":"CommentAction","name":"Comment","target":["https:\/\/www.elmundodelasemociones.es\/Weblog\/dia-4-reencontrandonos-nuestra-esencia\/#respond"]}]},{"@type":"WebPage","@id":"https:\/\/www.elmundodelasemociones.es\/Weblog\/dia-4-reencontrandonos-nuestra-esencia\/","url":"https:\/\/www.elmundodelasemociones.es\/Weblog\/dia-4-reencontrandonos-nuestra-esencia\/","name":"D\u00eda 4: Reencontr\u00e1ndonos con nuestra esencia - El mundo de las emociones","isPartOf":{"@id":"https:\/\/www.elmundodelasemociones.es\/Weblog\/#website"},"primaryImageOfPage":{"@id":"https:\/\/www.elmundodelasemociones.es\/Weblog\/dia-4-reencontrandonos-nuestra-esencia\/#primaryimage"},"image":{"@id":"https:\/\/www.elmundodelasemociones.es\/Weblog\/dia-4-reencontrandonos-nuestra-esencia\/#primaryimage"},"thumbnailUrl":"https:\/\/www.elmundodelasemociones.es\/Weblog\/wp-content\/uploads\/2017\/08\/dia_4.png","datePublished":"2017-08-15T07:16:39+00:00","dateModified":"2017-08-24T09:05:10+00:00","author":{"@id":"https:\/\/www.elmundodelasemociones.es\/Weblog\/#\/schema\/person\/3347afe65707ef6291e18c43757ebfd8"},"description":"Ya en el 4\u00ba d\u00eda empezamos a encajar; lo tengo comprobado, cada pa\u00eds me toma 3 d\u00edas de acoplamiento para sentirme plenamente Yo en un nuevo entorno.","breadcrumb":{"@id":"https:\/\/www.elmundodelasemociones.es\/Weblog\/dia-4-reencontrandonos-nuestra-esencia\/#breadcrumb"},"inLanguage":"es","potentialAction":[{"@type":"ReadAction","target":["https:\/\/www.elmundodelasemociones.es\/Weblog\/dia-4-reencontrandonos-nuestra-esencia\/"]}]},{"@type":"ImageObject","inLanguage":"es","@id":"https:\/\/www.elmundodelasemociones.es\/Weblog\/dia-4-reencontrandonos-nuestra-esencia\/#primaryimage","url":"https:\/\/www.elmundodelasemociones.es\/Weblog\/wp-content\/uploads\/2017\/08\/dia_4.png","contentUrl":"https:\/\/www.elmundodelasemociones.es\/Weblog\/wp-content\/uploads\/2017\/08\/dia_4.png","width":304,"height":227,"caption":"D\u00eda 4: Reencontr\u00e1ndonos con nuestra esencia"},{"@type":"BreadcrumbList","@id":"https:\/\/www.elmundodelasemociones.es\/Weblog\/dia-4-reencontrandonos-nuestra-esencia\/#breadcrumb","itemListElement":[{"@type":"ListItem","position":1,"name":"Portada","item":"https:\/\/www.elmundodelasemociones.es\/Weblog\/"},{"@type":"ListItem","position":2,"name":"D\u00eda 4: Reencontr\u00e1ndonos con nuestra esencia"}]},{"@type":"WebSite","@id":"https:\/\/www.elmundodelasemociones.es\/Weblog\/#website","url":"https:\/\/www.elmundodelasemociones.es\/Weblog\/","name":"El mundo de las emociones","description":"El blog de &quot;el mundo de las emociones&quot;","potentialAction":[{"@type":"SearchAction","target":{"@type":"EntryPoint","urlTemplate":"https:\/\/www.elmundodelasemociones.es\/Weblog\/?s={search_term_string}"},"query-input":{"@type":"PropertyValueSpecification","valueRequired":true,"valueName":"search_term_string"}}],"inLanguage":"es"},{"@type":"Person","@id":"https:\/\/www.elmundodelasemociones.es\/Weblog\/#\/schema\/person\/3347afe65707ef6291e18c43757ebfd8","name":"admin","image":{"@type":"ImageObject","inLanguage":"es","@id":"https:\/\/secure.gravatar.com\/avatar\/7c19c60a03e6b3ce43d6bb77b94f6e396240f2be922af03898f53886977d5d60?s=96&d=mm&r=g","url":"https:\/\/secure.gravatar.com\/avatar\/7c19c60a03e6b3ce43d6bb77b94f6e396240f2be922af03898f53886977d5d60?s=96&d=mm&r=g","contentUrl":"https:\/\/secure.gravatar.com\/avatar\/7c19c60a03e6b3ce43d6bb77b94f6e396240f2be922af03898f53886977d5d60?s=96&d=mm&r=g","caption":"admin"},"sameAs":["http:\/\/www.elmundodelasemociones.es"],"url":"https:\/\/www.elmundodelasemociones.es\/Weblog\/author\/admin\/"}]}},"jetpack_featured_media_url":"","jetpack_sharing_enabled":true,"jetpack_shortlink":"https:\/\/wp.me\/p82iJT-KR","_links":{"self":[{"href":"https:\/\/www.elmundodelasemociones.es\/Weblog\/wp-json\/wp\/v2\/posts\/2905","targetHints":{"allow":["GET"]}}],"collection":[{"href":"https:\/\/www.elmundodelasemociones.es\/Weblog\/wp-json\/wp\/v2\/posts"}],"about":[{"href":"https:\/\/www.elmundodelasemociones.es\/Weblog\/wp-json\/wp\/v2\/types\/post"}],"author":[{"embeddable":true,"href":"https:\/\/www.elmundodelasemociones.es\/Weblog\/wp-json\/wp\/v2\/users\/1"}],"replies":[{"embeddable":true,"href":"https:\/\/www.elmundodelasemociones.es\/Weblog\/wp-json\/wp\/v2\/comments?post=2905"}],"version-history":[{"count":0,"href":"https:\/\/www.elmundodelasemociones.es\/Weblog\/wp-json\/wp\/v2\/posts\/2905\/revisions"}],"wp:attachment":[{"href":"https:\/\/www.elmundodelasemociones.es\/Weblog\/wp-json\/wp\/v2\/media?parent=2905"}],"wp:term":[{"taxonomy":"category","embeddable":true,"href":"https:\/\/www.elmundodelasemociones.es\/Weblog\/wp-json\/wp\/v2\/categories?post=2905"},{"taxonomy":"post_tag","embeddable":true,"href":"https:\/\/www.elmundodelasemociones.es\/Weblog\/wp-json\/wp\/v2\/tags?post=2905"}],"curies":[{"name":"wp","href":"https:\/\/api.w.org\/{rel}","templated":true}]}}