{"id":2794,"date":"2016-08-17T10:07:03","date_gmt":"2016-08-17T09:07:03","guid":{"rendered":"https:\/\/www.elmundodelasemociones.es\/Weblog\/?p=2794"},"modified":"2016-08-31T12:08:27","modified_gmt":"2016-08-31T11:08:27","slug":"dia-8-shirakawago-kanasawa","status":"publish","type":"post","link":"https:\/\/www.elmundodelasemociones.es\/Weblog\/dia-8-shirakawago-kanasawa\/","title":{"rendered":"D\u00eda 8: Shirakawago y Kanasawa"},"content":{"rendered":"<p><img loading=\"lazy\" decoding=\"async\" class=\"aligncenter size-full wp-image-2795\" src=\"https:\/\/www.elmundodelasemociones.es\/Weblog\/wp-content\/uploads\/2016\/08\/Dia-8-Shirakawago-y-Kanasawa.png\" alt=\"D\u00eda 8: Shirakawago y Kanasawa\" width=\"304\" height=\"227\" srcset=\"https:\/\/www.elmundodelasemociones.es\/Weblog\/wp-content\/uploads\/2016\/08\/Dia-8-Shirakawago-y-Kanasawa.png 304w, https:\/\/www.elmundodelasemociones.es\/Weblog\/wp-content\/uploads\/2016\/08\/Dia-8-Shirakawago-y-Kanasawa-300x224.png 300w\" sizes=\"auto, (max-width: 304px) 100vw, 304px\" \/><\/p>\n<p>Tras dormir pl\u00e1cidamente en el tatami, desayunamos caf\u00e9 con tostadas en el caf\u00e9 Don, escuchando opera, una delicia &#8211; aut\u00e9ntica exaltaci\u00f3n de la sensibilidad. Luego nos fuimos a la estaci\u00f3n de Autob\u00fas rumbo a Shirakawago, un pueblo de granjas familiares del siglo XVI, patrimonio de la UNESCO. La forma de las granjas recuerdan a las manos de los monjes budistas rezando. Tienen el techo de heno y est\u00e1n entre jardines de flores y arroz surcados por peque\u00f1os canales. Semejaban a un nacimiento o una aldeita asturiana. El clima era parecido.<\/p>\n<p>Luego nos fuimos a Kanazawa una moderna ciudad ya lindando con el mar, nos gust\u00f3 much\u00edsimo, tanto que nos dio pena no poder dedicarle m\u00e1s tiempo. Paseamos por el Jard\u00edn de Kenrokuen, t\u00edpico del periodo Edo japon\u00e9s (1603-1868), parec\u00eda un jard\u00edn de bonsais gigantes, con riachuelos y fuentes. Todav\u00eda hoy se pueden ver japonesas paseando en kimono y la sombrilla de rigor. Los estampados de los trajes y la combinaci\u00f3n de colores es de un gusto exquisito. Jap\u00f3n es el pa\u00eds de la sensibilidad. No pude evitar perseguirlas hasta conseguir una foto.<\/p>\n<p>Este jard\u00edn debe ser maravilloso en primavera con los cerezos en flor.<\/p>\n<p>De vuelta en Takayama decidimos probar para cenar la carne de wagu japon\u00e9s, especialidad de la zona. Fuimos a un restaurante t\u00edpico de los que se entra descalzo y uno se sienta sobre los tatamis del suelo, nos pusieron sopa de miso, arroz y carne a la brasa con verduras que nosotras mismas cocinamos. Hemos de confesar que pese a nuestras resistencias nos chupamos literalmente los deditos. Toda una experiencia.<\/p>\n","protected":false},"excerpt":{"rendered":"<p><img loading=\"lazy\" decoding=\"async\" class=\"aligncenter size-full wp-image-2795\" src=\"https:\/\/www.elmundodelasemociones.es\/Weblog\/wp-content\/uploads\/2016\/08\/Dia-8-Shirakawago-y-Kanasawa.png\" alt=\"D\u00eda 8: Shirakawago y Kanasawa\" width=\"304\" height=\"227\" srcset=\"https:\/\/www.elmundodelasemociones.es\/Weblog\/wp-content\/uploads\/2016\/08\/Dia-8-Shirakawago-y-Kanasawa.png 304w, https:\/\/www.elmundodelasemociones.es\/Weblog\/wp-content\/uploads\/2016\/08\/Dia-8-Shirakawago-y-Kanasawa-300x224.png 300w\" sizes=\"auto, (max-width: 304px) 100vw, 304px\" \/><\/p>\n<p>Tras dormir pl\u00e1cidamente en el tatami, desayunamos caf\u00e9 con tostadas en el caf\u00e9 Don, escuchando opera, una delicia &#8211; aut\u00e9ntica exaltaci\u00f3n de la sensibilidad. Luego nos fuimos a la estaci\u00f3n de Autob\u00fas rumbo a Shirakawago, un pueblo de granjas familiares del siglo XVI, patrimonio de la UNESCO. La forma de las granjas recuerdan a las manos de los monjes budistas rezando. Tienen el techo de heno y est\u00e1n entre jardines de flores y arroz surcados por peque\u00f1os canales. Semejaban a un nacimiento o una aldeita asturiana. El clima era parecido.<\/p>\n<p>Luego nos fuimos a Kanazawa una moderna ciudad ya lindando con el mar, nos gust\u00f3 much\u00edsimo, tanto que nos dio pena no poder dedicarle m\u00e1s tiempo. Paseamos por el Jard\u00edn de Kenrokuen, t\u00edpico del periodo Edo japon\u00e9s (1603-1868), parec\u00eda un jard\u00edn de bonsais gigantes, con riachuelos y fuentes. Todav\u00eda hoy se pueden ver japonesas paseando en kimono y la sombrilla de rigor. Los estampados de los trajes y la combinaci\u00f3n de colores es de un gusto exquisito. Jap\u00f3n es el pa\u00eds de la sensibilidad. No pude evitar perseguirlas hasta conseguir una foto.<\/p>\n<p>Este jard\u00edn debe ser maravilloso en primavera con los cerezos en flor.<\/p>\n<p>De vuelta en Takayama decidimos probar para cenar la carne de wagu japon\u00e9s, especialidad de la zona. Fuimos a un restaurante t\u00edpico de los que se entra descalzo y uno se sienta sobre los tatamis del suelo, nos pusieron sopa de miso, arroz y carne a la brasa con verduras que nosotras mismas cocinamos. Hemos de confesar que pese a nuestras resistencias nos chupamos literalmente los deditos. Toda una experiencia.<\/p>\n","protected":false},"author":1,"featured_media":0,"comment_status":"open","ping_status":"open","sticky":false,"template":"","format":"standard","meta":{"_jetpack_memberships_contains_paid_content":false,"footnotes":""},"categories":[1927],"tags":[1973,1975,1928,1974,411,1971,1970,1972,637],"class_list":["post-2794","post","type-post","status-publish","format-standard","hentry","category-el-diario-de-maryam","tag-aldea","tag-flores","tag-japon","tag-kanazawa","tag-sensibilidad","tag-shirakawago","tag-tatami","tag-unesco","tag-viaje"],"yoast_head":"<!-- This site is optimized with the Yoast SEO plugin v27.4 - https:\/\/yoast.com\/product\/yoast-seo-wordpress\/ -->\n<title>D\u00eda 8: Shirakawago y Kanasawa - El mundo de las emociones<\/title>\n<meta name=\"description\" content=\"Nos fuimos a la estaci\u00f3n de Autob\u00fas rumbo a Shirakawago, un pueblo de granjas familiares del siglo XVI, patrimonio de la UNESCO.\" \/>\n<meta name=\"robots\" content=\"index, follow, max-snippet:-1, max-image-preview:large, max-video-preview:-1\" \/>\n<link rel=\"canonical\" href=\"https:\/\/www.elmundodelasemociones.es\/Weblog\/dia-8-shirakawago-kanasawa\/\" \/>\n<meta property=\"og:locale\" content=\"es_ES\" \/>\n<meta property=\"og:type\" content=\"article\" \/>\n<meta property=\"og:title\" content=\"D\u00eda 8: Shirakawago y Kanasawa - El mundo de las emociones\" \/>\n<meta property=\"og:description\" content=\"Nos fuimos a la estaci\u00f3n de Autob\u00fas rumbo a Shirakawago, un pueblo de granjas familiares del siglo XVI, patrimonio de la UNESCO.\" \/>\n<meta property=\"og:url\" content=\"https:\/\/www.elmundodelasemociones.es\/Weblog\/dia-8-shirakawago-kanasawa\/\" \/>\n<meta property=\"og:site_name\" content=\"El mundo de las emociones\" \/>\n<meta property=\"article:published_time\" content=\"2016-08-17T09:07:03+00:00\" \/>\n<meta property=\"article:modified_time\" content=\"2016-08-31T11:08:27+00:00\" \/>\n<meta property=\"og:image\" content=\"https:\/\/www.elmundodelasemociones.es\/Weblog\/wp-content\/uploads\/2016\/08\/Dia-8-Shirakawago-y-Kanasawa.png\" \/>\n<meta name=\"author\" content=\"admin\" \/>\n<meta name=\"twitter:label1\" content=\"Escrito por\" \/>\n\t<meta name=\"twitter:data1\" content=\"admin\" \/>\n\t<meta name=\"twitter:label2\" content=\"Tiempo de lectura\" \/>\n\t<meta name=\"twitter:data2\" content=\"1 minuto\" \/>\n<script type=\"application\/ld+json\" class=\"yoast-schema-graph\">{\"@context\":\"https:\\\/\\\/schema.org\",\"@graph\":[{\"@type\":\"Article\",\"@id\":\"https:\\\/\\\/www.elmundodelasemociones.es\\\/Weblog\\\/dia-8-shirakawago-kanasawa\\\/#article\",\"isPartOf\":{\"@id\":\"https:\\\/\\\/www.elmundodelasemociones.es\\\/Weblog\\\/dia-8-shirakawago-kanasawa\\\/\"},\"author\":{\"name\":\"admin\",\"@id\":\"https:\\\/\\\/www.elmundodelasemociones.es\\\/Weblog\\\/#\\\/schema\\\/person\\\/3347afe65707ef6291e18c43757ebfd8\"},\"headline\":\"D\u00eda 8: Shirakawago y Kanasawa\",\"datePublished\":\"2016-08-17T09:07:03+00:00\",\"dateModified\":\"2016-08-31T11:08:27+00:00\",\"mainEntityOfPage\":{\"@id\":\"https:\\\/\\\/www.elmundodelasemociones.es\\\/Weblog\\\/dia-8-shirakawago-kanasawa\\\/\"},\"wordCount\":290,\"commentCount\":0,\"image\":{\"@id\":\"https:\\\/\\\/www.elmundodelasemociones.es\\\/Weblog\\\/dia-8-shirakawago-kanasawa\\\/#primaryimage\"},\"thumbnailUrl\":\"https:\\\/\\\/www.elmundodelasemociones.es\\\/Weblog\\\/wp-content\\\/uploads\\\/2016\\\/08\\\/Dia-8-Shirakawago-y-Kanasawa.png\",\"keywords\":[\"aldea\",\"flores\",\"Jap\u00f3n\",\"Kanazawa\",\"sensibilidad\",\"Shirakawago\",\"tatami\",\"UNESCO\",\"viaje\"],\"articleSection\":[\"El Diario de Maryam\"],\"inLanguage\":\"es\",\"potentialAction\":[{\"@type\":\"CommentAction\",\"name\":\"Comment\",\"target\":[\"https:\\\/\\\/www.elmundodelasemociones.es\\\/Weblog\\\/dia-8-shirakawago-kanasawa\\\/#respond\"]}]},{\"@type\":\"WebPage\",\"@id\":\"https:\\\/\\\/www.elmundodelasemociones.es\\\/Weblog\\\/dia-8-shirakawago-kanasawa\\\/\",\"url\":\"https:\\\/\\\/www.elmundodelasemociones.es\\\/Weblog\\\/dia-8-shirakawago-kanasawa\\\/\",\"name\":\"D\u00eda 8: Shirakawago y Kanasawa - El mundo de las emociones\",\"isPartOf\":{\"@id\":\"https:\\\/\\\/www.elmundodelasemociones.es\\\/Weblog\\\/#website\"},\"primaryImageOfPage\":{\"@id\":\"https:\\\/\\\/www.elmundodelasemociones.es\\\/Weblog\\\/dia-8-shirakawago-kanasawa\\\/#primaryimage\"},\"image\":{\"@id\":\"https:\\\/\\\/www.elmundodelasemociones.es\\\/Weblog\\\/dia-8-shirakawago-kanasawa\\\/#primaryimage\"},\"thumbnailUrl\":\"https:\\\/\\\/www.elmundodelasemociones.es\\\/Weblog\\\/wp-content\\\/uploads\\\/2016\\\/08\\\/Dia-8-Shirakawago-y-Kanasawa.png\",\"datePublished\":\"2016-08-17T09:07:03+00:00\",\"dateModified\":\"2016-08-31T11:08:27+00:00\",\"author\":{\"@id\":\"https:\\\/\\\/www.elmundodelasemociones.es\\\/Weblog\\\/#\\\/schema\\\/person\\\/3347afe65707ef6291e18c43757ebfd8\"},\"description\":\"Nos fuimos a la estaci\u00f3n de Autob\u00fas rumbo a Shirakawago, un pueblo de granjas familiares del siglo XVI, patrimonio de la UNESCO.\",\"breadcrumb\":{\"@id\":\"https:\\\/\\\/www.elmundodelasemociones.es\\\/Weblog\\\/dia-8-shirakawago-kanasawa\\\/#breadcrumb\"},\"inLanguage\":\"es\",\"potentialAction\":[{\"@type\":\"ReadAction\",\"target\":[\"https:\\\/\\\/www.elmundodelasemociones.es\\\/Weblog\\\/dia-8-shirakawago-kanasawa\\\/\"]}]},{\"@type\":\"ImageObject\",\"inLanguage\":\"es\",\"@id\":\"https:\\\/\\\/www.elmundodelasemociones.es\\\/Weblog\\\/dia-8-shirakawago-kanasawa\\\/#primaryimage\",\"url\":\"https:\\\/\\\/www.elmundodelasemociones.es\\\/Weblog\\\/wp-content\\\/uploads\\\/2016\\\/08\\\/Dia-8-Shirakawago-y-Kanasawa.png\",\"contentUrl\":\"https:\\\/\\\/www.elmundodelasemociones.es\\\/Weblog\\\/wp-content\\\/uploads\\\/2016\\\/08\\\/Dia-8-Shirakawago-y-Kanasawa.png\",\"width\":304,\"height\":227,\"caption\":\"D\u00eda 8: Shirakawago y Kanasawa\"},{\"@type\":\"BreadcrumbList\",\"@id\":\"https:\\\/\\\/www.elmundodelasemociones.es\\\/Weblog\\\/dia-8-shirakawago-kanasawa\\\/#breadcrumb\",\"itemListElement\":[{\"@type\":\"ListItem\",\"position\":1,\"name\":\"Portada\",\"item\":\"https:\\\/\\\/www.elmundodelasemociones.es\\\/Weblog\\\/\"},{\"@type\":\"ListItem\",\"position\":2,\"name\":\"D\u00eda 8: Shirakawago y Kanasawa\"}]},{\"@type\":\"WebSite\",\"@id\":\"https:\\\/\\\/www.elmundodelasemociones.es\\\/Weblog\\\/#website\",\"url\":\"https:\\\/\\\/www.elmundodelasemociones.es\\\/Weblog\\\/\",\"name\":\"El mundo de las emociones\",\"description\":\"El blog de &quot;el mundo de las emociones&quot;\",\"potentialAction\":[{\"@type\":\"SearchAction\",\"target\":{\"@type\":\"EntryPoint\",\"urlTemplate\":\"https:\\\/\\\/www.elmundodelasemociones.es\\\/Weblog\\\/?s={search_term_string}\"},\"query-input\":{\"@type\":\"PropertyValueSpecification\",\"valueRequired\":true,\"valueName\":\"search_term_string\"}}],\"inLanguage\":\"es\"},{\"@type\":\"Person\",\"@id\":\"https:\\\/\\\/www.elmundodelasemociones.es\\\/Weblog\\\/#\\\/schema\\\/person\\\/3347afe65707ef6291e18c43757ebfd8\",\"name\":\"admin\",\"image\":{\"@type\":\"ImageObject\",\"inLanguage\":\"es\",\"@id\":\"https:\\\/\\\/secure.gravatar.com\\\/avatar\\\/7c19c60a03e6b3ce43d6bb77b94f6e396240f2be922af03898f53886977d5d60?s=96&d=mm&r=g\",\"url\":\"https:\\\/\\\/secure.gravatar.com\\\/avatar\\\/7c19c60a03e6b3ce43d6bb77b94f6e396240f2be922af03898f53886977d5d60?s=96&d=mm&r=g\",\"contentUrl\":\"https:\\\/\\\/secure.gravatar.com\\\/avatar\\\/7c19c60a03e6b3ce43d6bb77b94f6e396240f2be922af03898f53886977d5d60?s=96&d=mm&r=g\",\"caption\":\"admin\"},\"sameAs\":[\"http:\\\/\\\/www.elmundodelasemociones.es\"],\"url\":\"https:\\\/\\\/www.elmundodelasemociones.es\\\/Weblog\\\/author\\\/admin\\\/\"}]}<\/script>\n<!-- \/ Yoast SEO plugin. -->","yoast_head_json":{"title":"D\u00eda 8: Shirakawago y Kanasawa - El mundo de las emociones","description":"Nos fuimos a la estaci\u00f3n de Autob\u00fas rumbo a Shirakawago, un pueblo de granjas familiares del siglo XVI, patrimonio de la UNESCO.","robots":{"index":"index","follow":"follow","max-snippet":"max-snippet:-1","max-image-preview":"max-image-preview:large","max-video-preview":"max-video-preview:-1"},"canonical":"https:\/\/www.elmundodelasemociones.es\/Weblog\/dia-8-shirakawago-kanasawa\/","og_locale":"es_ES","og_type":"article","og_title":"D\u00eda 8: Shirakawago y Kanasawa - El mundo de las emociones","og_description":"Nos fuimos a la estaci\u00f3n de Autob\u00fas rumbo a Shirakawago, un pueblo de granjas familiares del siglo XVI, patrimonio de la UNESCO.","og_url":"https:\/\/www.elmundodelasemociones.es\/Weblog\/dia-8-shirakawago-kanasawa\/","og_site_name":"El mundo de las emociones","article_published_time":"2016-08-17T09:07:03+00:00","article_modified_time":"2016-08-31T11:08:27+00:00","og_image":[{"url":"https:\/\/www.elmundodelasemociones.es\/Weblog\/wp-content\/uploads\/2016\/08\/Dia-8-Shirakawago-y-Kanasawa.png","type":"","width":"","height":""}],"author":"admin","twitter_misc":{"Escrito por":"admin","Tiempo de lectura":"1 minuto"},"schema":{"@context":"https:\/\/schema.org","@graph":[{"@type":"Article","@id":"https:\/\/www.elmundodelasemociones.es\/Weblog\/dia-8-shirakawago-kanasawa\/#article","isPartOf":{"@id":"https:\/\/www.elmundodelasemociones.es\/Weblog\/dia-8-shirakawago-kanasawa\/"},"author":{"name":"admin","@id":"https:\/\/www.elmundodelasemociones.es\/Weblog\/#\/schema\/person\/3347afe65707ef6291e18c43757ebfd8"},"headline":"D\u00eda 8: Shirakawago y Kanasawa","datePublished":"2016-08-17T09:07:03+00:00","dateModified":"2016-08-31T11:08:27+00:00","mainEntityOfPage":{"@id":"https:\/\/www.elmundodelasemociones.es\/Weblog\/dia-8-shirakawago-kanasawa\/"},"wordCount":290,"commentCount":0,"image":{"@id":"https:\/\/www.elmundodelasemociones.es\/Weblog\/dia-8-shirakawago-kanasawa\/#primaryimage"},"thumbnailUrl":"https:\/\/www.elmundodelasemociones.es\/Weblog\/wp-content\/uploads\/2016\/08\/Dia-8-Shirakawago-y-Kanasawa.png","keywords":["aldea","flores","Jap\u00f3n","Kanazawa","sensibilidad","Shirakawago","tatami","UNESCO","viaje"],"articleSection":["El Diario de Maryam"],"inLanguage":"es","potentialAction":[{"@type":"CommentAction","name":"Comment","target":["https:\/\/www.elmundodelasemociones.es\/Weblog\/dia-8-shirakawago-kanasawa\/#respond"]}]},{"@type":"WebPage","@id":"https:\/\/www.elmundodelasemociones.es\/Weblog\/dia-8-shirakawago-kanasawa\/","url":"https:\/\/www.elmundodelasemociones.es\/Weblog\/dia-8-shirakawago-kanasawa\/","name":"D\u00eda 8: Shirakawago y Kanasawa - El mundo de las emociones","isPartOf":{"@id":"https:\/\/www.elmundodelasemociones.es\/Weblog\/#website"},"primaryImageOfPage":{"@id":"https:\/\/www.elmundodelasemociones.es\/Weblog\/dia-8-shirakawago-kanasawa\/#primaryimage"},"image":{"@id":"https:\/\/www.elmundodelasemociones.es\/Weblog\/dia-8-shirakawago-kanasawa\/#primaryimage"},"thumbnailUrl":"https:\/\/www.elmundodelasemociones.es\/Weblog\/wp-content\/uploads\/2016\/08\/Dia-8-Shirakawago-y-Kanasawa.png","datePublished":"2016-08-17T09:07:03+00:00","dateModified":"2016-08-31T11:08:27+00:00","author":{"@id":"https:\/\/www.elmundodelasemociones.es\/Weblog\/#\/schema\/person\/3347afe65707ef6291e18c43757ebfd8"},"description":"Nos fuimos a la estaci\u00f3n de Autob\u00fas rumbo a Shirakawago, un pueblo de granjas familiares del siglo XVI, patrimonio de la UNESCO.","breadcrumb":{"@id":"https:\/\/www.elmundodelasemociones.es\/Weblog\/dia-8-shirakawago-kanasawa\/#breadcrumb"},"inLanguage":"es","potentialAction":[{"@type":"ReadAction","target":["https:\/\/www.elmundodelasemociones.es\/Weblog\/dia-8-shirakawago-kanasawa\/"]}]},{"@type":"ImageObject","inLanguage":"es","@id":"https:\/\/www.elmundodelasemociones.es\/Weblog\/dia-8-shirakawago-kanasawa\/#primaryimage","url":"https:\/\/www.elmundodelasemociones.es\/Weblog\/wp-content\/uploads\/2016\/08\/Dia-8-Shirakawago-y-Kanasawa.png","contentUrl":"https:\/\/www.elmundodelasemociones.es\/Weblog\/wp-content\/uploads\/2016\/08\/Dia-8-Shirakawago-y-Kanasawa.png","width":304,"height":227,"caption":"D\u00eda 8: Shirakawago y Kanasawa"},{"@type":"BreadcrumbList","@id":"https:\/\/www.elmundodelasemociones.es\/Weblog\/dia-8-shirakawago-kanasawa\/#breadcrumb","itemListElement":[{"@type":"ListItem","position":1,"name":"Portada","item":"https:\/\/www.elmundodelasemociones.es\/Weblog\/"},{"@type":"ListItem","position":2,"name":"D\u00eda 8: Shirakawago y Kanasawa"}]},{"@type":"WebSite","@id":"https:\/\/www.elmundodelasemociones.es\/Weblog\/#website","url":"https:\/\/www.elmundodelasemociones.es\/Weblog\/","name":"El mundo de las emociones","description":"El blog de &quot;el mundo de las emociones&quot;","potentialAction":[{"@type":"SearchAction","target":{"@type":"EntryPoint","urlTemplate":"https:\/\/www.elmundodelasemociones.es\/Weblog\/?s={search_term_string}"},"query-input":{"@type":"PropertyValueSpecification","valueRequired":true,"valueName":"search_term_string"}}],"inLanguage":"es"},{"@type":"Person","@id":"https:\/\/www.elmundodelasemociones.es\/Weblog\/#\/schema\/person\/3347afe65707ef6291e18c43757ebfd8","name":"admin","image":{"@type":"ImageObject","inLanguage":"es","@id":"https:\/\/secure.gravatar.com\/avatar\/7c19c60a03e6b3ce43d6bb77b94f6e396240f2be922af03898f53886977d5d60?s=96&d=mm&r=g","url":"https:\/\/secure.gravatar.com\/avatar\/7c19c60a03e6b3ce43d6bb77b94f6e396240f2be922af03898f53886977d5d60?s=96&d=mm&r=g","contentUrl":"https:\/\/secure.gravatar.com\/avatar\/7c19c60a03e6b3ce43d6bb77b94f6e396240f2be922af03898f53886977d5d60?s=96&d=mm&r=g","caption":"admin"},"sameAs":["http:\/\/www.elmundodelasemociones.es"],"url":"https:\/\/www.elmundodelasemociones.es\/Weblog\/author\/admin\/"}]}},"jetpack_featured_media_url":"","jetpack_sharing_enabled":true,"jetpack_shortlink":"https:\/\/wp.me\/p82iJT-J4","_links":{"self":[{"href":"https:\/\/www.elmundodelasemociones.es\/Weblog\/wp-json\/wp\/v2\/posts\/2794","targetHints":{"allow":["GET"]}}],"collection":[{"href":"https:\/\/www.elmundodelasemociones.es\/Weblog\/wp-json\/wp\/v2\/posts"}],"about":[{"href":"https:\/\/www.elmundodelasemociones.es\/Weblog\/wp-json\/wp\/v2\/types\/post"}],"author":[{"embeddable":true,"href":"https:\/\/www.elmundodelasemociones.es\/Weblog\/wp-json\/wp\/v2\/users\/1"}],"replies":[{"embeddable":true,"href":"https:\/\/www.elmundodelasemociones.es\/Weblog\/wp-json\/wp\/v2\/comments?post=2794"}],"version-history":[{"count":0,"href":"https:\/\/www.elmundodelasemociones.es\/Weblog\/wp-json\/wp\/v2\/posts\/2794\/revisions"}],"wp:attachment":[{"href":"https:\/\/www.elmundodelasemociones.es\/Weblog\/wp-json\/wp\/v2\/media?parent=2794"}],"wp:term":[{"taxonomy":"category","embeddable":true,"href":"https:\/\/www.elmundodelasemociones.es\/Weblog\/wp-json\/wp\/v2\/categories?post=2794"},{"taxonomy":"post_tag","embeddable":true,"href":"https:\/\/www.elmundodelasemociones.es\/Weblog\/wp-json\/wp\/v2\/tags?post=2794"}],"curies":[{"name":"wp","href":"https:\/\/api.w.org\/{rel}","templated":true}]}}