{"id":2779,"date":"2016-08-14T07:48:44","date_gmt":"2016-08-14T06:48:44","guid":{"rendered":"https:\/\/www.elmundodelasemociones.es\/Weblog\/?p=2779"},"modified":"2016-08-31T12:08:09","modified_gmt":"2016-08-31T11:08:09","slug":"dia-5-templo-dorado-viaje-hiroshima","status":"publish","type":"post","link":"https:\/\/www.elmundodelasemociones.es\/Weblog\/dia-5-templo-dorado-viaje-hiroshima\/","title":{"rendered":"D\u00eda 5: Templo Dorado y viaje a Hiroshima"},"content":{"rendered":"<p><img loading=\"lazy\" decoding=\"async\" class=\"aligncenter size-full wp-image-2780\" src=\"https:\/\/www.elmundodelasemociones.es\/Weblog\/wp-content\/uploads\/2016\/08\/Templo-Dorado.jpg\" alt=\"D\u00eda 5: Templo Dorado y viaje a Hiroshima\" width=\"304\" height=\"227\" srcset=\"https:\/\/www.elmundodelasemociones.es\/Weblog\/wp-content\/uploads\/2016\/08\/Templo-Dorado.jpg 304w, https:\/\/www.elmundodelasemociones.es\/Weblog\/wp-content\/uploads\/2016\/08\/Templo-Dorado-300x224.jpg 300w\" sizes=\"auto, (max-width: 304px) 100vw, 304px\" \/><\/p>\n<p>Tras dormir un d\u00eda m\u00e1s como lirones, ayuda la almohada Japo (digna de probar) y desayunar con calma al modo occidental, nos aventuramos a coger un autob\u00fas abarrotado de gente, al templo Dorado. Cada vez que hac\u00eda una parada sonaba una grabaci\u00f3n que parec\u00eda que dec\u00eda &#8220;arriba las manos&#8221; menuda co\u00f1a nos trajimos&#8230; no s\u00e9 c\u00f3mo llegamos pues los carteles eran todos en japon\u00e9s y a penas los ve\u00edamos. La verdad es que de momento estamos saliendo bastante ol\u00edmpicas.<\/p>\n<p>El viaje al son de la escopeta, mereci\u00f3 la pena, en medio del lago nos encontramos el Templo Dorado de una belleza de sutileza extrema. Que rom\u00e1ntico. Un templo de oro en medio de un lago rodeado de un bosque.<\/p>\n<p>De ah\u00ed fuimos a la estaci\u00f3n a coger el tren para Hiroshima y de nuevo cantamos bingo: llegamos a 12:37 y el tren sal\u00eda a las 13:10&#8230; Los famosos trenes bala he de decidir que no nos parecen tan bala&#8230; si van r\u00e1pido, no se nota.<\/p>\n<p>En Hiroshima tuvimos que re-ubicarnos, el primer hotel no nos gust\u00f3, ol\u00eda a sopa por todas partes, as\u00ed que sin demora cancelamos la reserva y nos buscamos otro m\u00e1s de nuestro estilo. Una vez ya situadas comenzamos la caminata hasta el memorial de Hiroshima, no sab\u00edamos c\u00f3mo nos \u00edbamos a encontrar all\u00ed, la zona m\u00e1s destruida por la bomba. Curiosamente nos encant\u00f3: est\u00e1 en un parque dise\u00f1ado por Kenzo al margen de un gran r\u00edo. Se respira una sensaci\u00f3n curiosa m\u00e1s cercana a La Paz que a otra cosa.<\/p>\n<p>En medio del parque hay una gran campana que todo visitante ha de tocar para que se escuche el repicar por la paz por todas las partes del mundo.<\/p>\n<p>Cuanto m\u00e1s bonito ser\u00eda el mundo si todas nuestras acciones fueran al son de la armon\u00eda y el bienestar de todos.<\/p>\n","protected":false},"excerpt":{"rendered":"<p><img loading=\"lazy\" decoding=\"async\" class=\"aligncenter size-full wp-image-2780\" src=\"https:\/\/www.elmundodelasemociones.es\/Weblog\/wp-content\/uploads\/2016\/08\/Templo-Dorado.jpg\" alt=\"D\u00eda 5: Templo Dorado y viaje a Hiroshima\" width=\"304\" height=\"227\" srcset=\"https:\/\/www.elmundodelasemociones.es\/Weblog\/wp-content\/uploads\/2016\/08\/Templo-Dorado.jpg 304w, https:\/\/www.elmundodelasemociones.es\/Weblog\/wp-content\/uploads\/2016\/08\/Templo-Dorado-300x224.jpg 300w\" sizes=\"auto, (max-width: 304px) 100vw, 304px\" \/><\/p>\n<p>Tras dormir un d\u00eda m\u00e1s como lirones, ayuda la almohada Japo (digna de probar) y desayunar con calma al modo occidental, nos aventuramos a coger un autob\u00fas abarrotado de gente, al templo Dorado. Cada vez que hac\u00eda una parada sonaba una grabaci\u00f3n que parec\u00eda que dec\u00eda &#8220;arriba las manos&#8221; menuda co\u00f1a nos trajimos&#8230; no s\u00e9 c\u00f3mo llegamos pues los carteles eran todos en japon\u00e9s y a penas los ve\u00edamos. La verdad es que de momento estamos saliendo bastante ol\u00edmpicas.<\/p>\n<p>El viaje al son de la escopeta, mereci\u00f3 la pena, en medio del lago nos encontramos el Templo Dorado de una belleza de sutileza extrema. Que rom\u00e1ntico. Un templo de oro en medio de un lago rodeado de un bosque.<\/p>\n<p>De ah\u00ed fuimos a la estaci\u00f3n a coger el tren para Hiroshima y de nuevo cantamos bingo: llegamos a 12:37 y el tren sal\u00eda a las 13:10&#8230; Los famosos trenes bala he de decidir que no nos parecen tan bala&#8230; si van r\u00e1pido, no se nota.<\/p>\n<p>En Hiroshima tuvimos que re-ubicarnos, el primer hotel no nos gust\u00f3, ol\u00eda a sopa por todas partes, as\u00ed que sin demora cancelamos la reserva y nos buscamos otro m\u00e1s de nuestro estilo. Una vez ya situadas comenzamos la caminata hasta el memorial de Hiroshima, no sab\u00edamos c\u00f3mo nos \u00edbamos a encontrar all\u00ed, la zona m\u00e1s destruida por la bomba. Curiosamente nos encant\u00f3: est\u00e1 en un parque dise\u00f1ado por Kenzo al margen de un gran r\u00edo. Se respira una sensaci\u00f3n curiosa m\u00e1s cercana a La Paz que a otra cosa.<\/p>\n<p>En medio del parque hay una gran campana que todo visitante ha de tocar para que se escuche el repicar por la paz por todas las partes del mundo.<\/p>\n<p>Cuanto m\u00e1s bonito ser\u00eda el mundo si todas nuestras acciones fueran al son de la armon\u00eda y el bienestar de todos.<\/p>\n","protected":false},"author":1,"featured_media":0,"comment_status":"open","ping_status":"open","sticky":false,"template":"","format":"standard","meta":{"_jetpack_memberships_contains_paid_content":false,"footnotes":""},"categories":[1927],"tags":[495,1954,1928,1955,118,1953,637],"class_list":["post-2779","post","type-post","status-publish","format-standard","hentry","category-el-diario-de-maryam","tag-bomba","tag-hiroshima","tag-japon","tag-kenzo","tag-paz","tag-templo-dorado","tag-viaje"],"yoast_head":"<!-- This site is optimized with the Yoast SEO plugin v27.4 - https:\/\/yoast.com\/product\/yoast-seo-wordpress\/ -->\n<title>D\u00eda 5: Templo Dorado y viaje a Hiroshima - El mundo de las emociones<\/title>\n<meta name=\"description\" content=\"Tras dormir como lirones, ayuda la almohada Japo y desayunar con calma al modo occidental, nos aventuramos a coger un autob\u00fas al templo Dorado.\" \/>\n<meta name=\"robots\" content=\"index, follow, max-snippet:-1, max-image-preview:large, max-video-preview:-1\" \/>\n<link rel=\"canonical\" href=\"https:\/\/www.elmundodelasemociones.es\/Weblog\/dia-5-templo-dorado-viaje-hiroshima\/\" \/>\n<meta property=\"og:locale\" content=\"es_ES\" \/>\n<meta property=\"og:type\" content=\"article\" \/>\n<meta property=\"og:title\" content=\"D\u00eda 5: Templo Dorado y viaje a Hiroshima - El mundo de las emociones\" \/>\n<meta property=\"og:description\" content=\"Tras dormir como lirones, ayuda la almohada Japo y desayunar con calma al modo occidental, nos aventuramos a coger un autob\u00fas al templo Dorado.\" \/>\n<meta property=\"og:url\" content=\"https:\/\/www.elmundodelasemociones.es\/Weblog\/dia-5-templo-dorado-viaje-hiroshima\/\" \/>\n<meta property=\"og:site_name\" content=\"El mundo de las emociones\" \/>\n<meta property=\"article:published_time\" content=\"2016-08-14T06:48:44+00:00\" \/>\n<meta property=\"article:modified_time\" content=\"2016-08-31T11:08:09+00:00\" \/>\n<meta property=\"og:image\" content=\"https:\/\/www.elmundodelasemociones.es\/Weblog\/wp-content\/uploads\/2016\/08\/Templo-Dorado.jpg\" \/>\n<meta name=\"author\" content=\"admin\" \/>\n<meta name=\"twitter:label1\" content=\"Escrito por\" \/>\n\t<meta name=\"twitter:data1\" content=\"admin\" \/>\n\t<meta name=\"twitter:label2\" content=\"Tiempo de lectura\" \/>\n\t<meta name=\"twitter:data2\" content=\"2 minutos\" \/>\n<script type=\"application\/ld+json\" class=\"yoast-schema-graph\">{\"@context\":\"https:\\\/\\\/schema.org\",\"@graph\":[{\"@type\":\"Article\",\"@id\":\"https:\\\/\\\/www.elmundodelasemociones.es\\\/Weblog\\\/dia-5-templo-dorado-viaje-hiroshima\\\/#article\",\"isPartOf\":{\"@id\":\"https:\\\/\\\/www.elmundodelasemociones.es\\\/Weblog\\\/dia-5-templo-dorado-viaje-hiroshima\\\/\"},\"author\":{\"name\":\"admin\",\"@id\":\"https:\\\/\\\/www.elmundodelasemociones.es\\\/Weblog\\\/#\\\/schema\\\/person\\\/3347afe65707ef6291e18c43757ebfd8\"},\"headline\":\"D\u00eda 5: Templo Dorado y viaje a Hiroshima\",\"datePublished\":\"2016-08-14T06:48:44+00:00\",\"dateModified\":\"2016-08-31T11:08:09+00:00\",\"mainEntityOfPage\":{\"@id\":\"https:\\\/\\\/www.elmundodelasemociones.es\\\/Weblog\\\/dia-5-templo-dorado-viaje-hiroshima\\\/\"},\"wordCount\":338,\"commentCount\":0,\"image\":{\"@id\":\"https:\\\/\\\/www.elmundodelasemociones.es\\\/Weblog\\\/dia-5-templo-dorado-viaje-hiroshima\\\/#primaryimage\"},\"thumbnailUrl\":\"https:\\\/\\\/www.elmundodelasemociones.es\\\/Weblog\\\/wp-content\\\/uploads\\\/2016\\\/08\\\/Templo-Dorado.jpg\",\"keywords\":[\"bomba\",\"Hiroshima\",\"Jap\u00f3n\",\"Kenzo\",\"paz\",\"Templo Dorado\",\"viaje\"],\"articleSection\":[\"El Diario de Maryam\"],\"inLanguage\":\"es\",\"potentialAction\":[{\"@type\":\"CommentAction\",\"name\":\"Comment\",\"target\":[\"https:\\\/\\\/www.elmundodelasemociones.es\\\/Weblog\\\/dia-5-templo-dorado-viaje-hiroshima\\\/#respond\"]}]},{\"@type\":\"WebPage\",\"@id\":\"https:\\\/\\\/www.elmundodelasemociones.es\\\/Weblog\\\/dia-5-templo-dorado-viaje-hiroshima\\\/\",\"url\":\"https:\\\/\\\/www.elmundodelasemociones.es\\\/Weblog\\\/dia-5-templo-dorado-viaje-hiroshima\\\/\",\"name\":\"D\u00eda 5: Templo Dorado y viaje a Hiroshima - El mundo de las emociones\",\"isPartOf\":{\"@id\":\"https:\\\/\\\/www.elmundodelasemociones.es\\\/Weblog\\\/#website\"},\"primaryImageOfPage\":{\"@id\":\"https:\\\/\\\/www.elmundodelasemociones.es\\\/Weblog\\\/dia-5-templo-dorado-viaje-hiroshima\\\/#primaryimage\"},\"image\":{\"@id\":\"https:\\\/\\\/www.elmundodelasemociones.es\\\/Weblog\\\/dia-5-templo-dorado-viaje-hiroshima\\\/#primaryimage\"},\"thumbnailUrl\":\"https:\\\/\\\/www.elmundodelasemociones.es\\\/Weblog\\\/wp-content\\\/uploads\\\/2016\\\/08\\\/Templo-Dorado.jpg\",\"datePublished\":\"2016-08-14T06:48:44+00:00\",\"dateModified\":\"2016-08-31T11:08:09+00:00\",\"author\":{\"@id\":\"https:\\\/\\\/www.elmundodelasemociones.es\\\/Weblog\\\/#\\\/schema\\\/person\\\/3347afe65707ef6291e18c43757ebfd8\"},\"description\":\"Tras dormir como lirones, ayuda la almohada Japo y desayunar con calma al modo occidental, nos aventuramos a coger un autob\u00fas al templo Dorado.\",\"breadcrumb\":{\"@id\":\"https:\\\/\\\/www.elmundodelasemociones.es\\\/Weblog\\\/dia-5-templo-dorado-viaje-hiroshima\\\/#breadcrumb\"},\"inLanguage\":\"es\",\"potentialAction\":[{\"@type\":\"ReadAction\",\"target\":[\"https:\\\/\\\/www.elmundodelasemociones.es\\\/Weblog\\\/dia-5-templo-dorado-viaje-hiroshima\\\/\"]}]},{\"@type\":\"ImageObject\",\"inLanguage\":\"es\",\"@id\":\"https:\\\/\\\/www.elmundodelasemociones.es\\\/Weblog\\\/dia-5-templo-dorado-viaje-hiroshima\\\/#primaryimage\",\"url\":\"https:\\\/\\\/www.elmundodelasemociones.es\\\/Weblog\\\/wp-content\\\/uploads\\\/2016\\\/08\\\/Templo-Dorado.jpg\",\"contentUrl\":\"https:\\\/\\\/www.elmundodelasemociones.es\\\/Weblog\\\/wp-content\\\/uploads\\\/2016\\\/08\\\/Templo-Dorado.jpg\",\"width\":304,\"height\":227,\"caption\":\"D\u00eda 5: Templo Dorado y viaje a Hiroshima\"},{\"@type\":\"BreadcrumbList\",\"@id\":\"https:\\\/\\\/www.elmundodelasemociones.es\\\/Weblog\\\/dia-5-templo-dorado-viaje-hiroshima\\\/#breadcrumb\",\"itemListElement\":[{\"@type\":\"ListItem\",\"position\":1,\"name\":\"Portada\",\"item\":\"https:\\\/\\\/www.elmundodelasemociones.es\\\/Weblog\\\/\"},{\"@type\":\"ListItem\",\"position\":2,\"name\":\"D\u00eda 5: Templo Dorado y viaje a Hiroshima\"}]},{\"@type\":\"WebSite\",\"@id\":\"https:\\\/\\\/www.elmundodelasemociones.es\\\/Weblog\\\/#website\",\"url\":\"https:\\\/\\\/www.elmundodelasemociones.es\\\/Weblog\\\/\",\"name\":\"El mundo de las emociones\",\"description\":\"El blog de &quot;el mundo de las emociones&quot;\",\"potentialAction\":[{\"@type\":\"SearchAction\",\"target\":{\"@type\":\"EntryPoint\",\"urlTemplate\":\"https:\\\/\\\/www.elmundodelasemociones.es\\\/Weblog\\\/?s={search_term_string}\"},\"query-input\":{\"@type\":\"PropertyValueSpecification\",\"valueRequired\":true,\"valueName\":\"search_term_string\"}}],\"inLanguage\":\"es\"},{\"@type\":\"Person\",\"@id\":\"https:\\\/\\\/www.elmundodelasemociones.es\\\/Weblog\\\/#\\\/schema\\\/person\\\/3347afe65707ef6291e18c43757ebfd8\",\"name\":\"admin\",\"image\":{\"@type\":\"ImageObject\",\"inLanguage\":\"es\",\"@id\":\"https:\\\/\\\/secure.gravatar.com\\\/avatar\\\/7c19c60a03e6b3ce43d6bb77b94f6e396240f2be922af03898f53886977d5d60?s=96&d=mm&r=g\",\"url\":\"https:\\\/\\\/secure.gravatar.com\\\/avatar\\\/7c19c60a03e6b3ce43d6bb77b94f6e396240f2be922af03898f53886977d5d60?s=96&d=mm&r=g\",\"contentUrl\":\"https:\\\/\\\/secure.gravatar.com\\\/avatar\\\/7c19c60a03e6b3ce43d6bb77b94f6e396240f2be922af03898f53886977d5d60?s=96&d=mm&r=g\",\"caption\":\"admin\"},\"sameAs\":[\"http:\\\/\\\/www.elmundodelasemociones.es\"],\"url\":\"https:\\\/\\\/www.elmundodelasemociones.es\\\/Weblog\\\/author\\\/admin\\\/\"}]}<\/script>\n<!-- \/ Yoast SEO plugin. -->","yoast_head_json":{"title":"D\u00eda 5: Templo Dorado y viaje a Hiroshima - El mundo de las emociones","description":"Tras dormir como lirones, ayuda la almohada Japo y desayunar con calma al modo occidental, nos aventuramos a coger un autob\u00fas al templo Dorado.","robots":{"index":"index","follow":"follow","max-snippet":"max-snippet:-1","max-image-preview":"max-image-preview:large","max-video-preview":"max-video-preview:-1"},"canonical":"https:\/\/www.elmundodelasemociones.es\/Weblog\/dia-5-templo-dorado-viaje-hiroshima\/","og_locale":"es_ES","og_type":"article","og_title":"D\u00eda 5: Templo Dorado y viaje a Hiroshima - El mundo de las emociones","og_description":"Tras dormir como lirones, ayuda la almohada Japo y desayunar con calma al modo occidental, nos aventuramos a coger un autob\u00fas al templo Dorado.","og_url":"https:\/\/www.elmundodelasemociones.es\/Weblog\/dia-5-templo-dorado-viaje-hiroshima\/","og_site_name":"El mundo de las emociones","article_published_time":"2016-08-14T06:48:44+00:00","article_modified_time":"2016-08-31T11:08:09+00:00","og_image":[{"url":"https:\/\/www.elmundodelasemociones.es\/Weblog\/wp-content\/uploads\/2016\/08\/Templo-Dorado.jpg","type":"","width":"","height":""}],"author":"admin","twitter_misc":{"Escrito por":"admin","Tiempo de lectura":"2 minutos"},"schema":{"@context":"https:\/\/schema.org","@graph":[{"@type":"Article","@id":"https:\/\/www.elmundodelasemociones.es\/Weblog\/dia-5-templo-dorado-viaje-hiroshima\/#article","isPartOf":{"@id":"https:\/\/www.elmundodelasemociones.es\/Weblog\/dia-5-templo-dorado-viaje-hiroshima\/"},"author":{"name":"admin","@id":"https:\/\/www.elmundodelasemociones.es\/Weblog\/#\/schema\/person\/3347afe65707ef6291e18c43757ebfd8"},"headline":"D\u00eda 5: Templo Dorado y viaje a Hiroshima","datePublished":"2016-08-14T06:48:44+00:00","dateModified":"2016-08-31T11:08:09+00:00","mainEntityOfPage":{"@id":"https:\/\/www.elmundodelasemociones.es\/Weblog\/dia-5-templo-dorado-viaje-hiroshima\/"},"wordCount":338,"commentCount":0,"image":{"@id":"https:\/\/www.elmundodelasemociones.es\/Weblog\/dia-5-templo-dorado-viaje-hiroshima\/#primaryimage"},"thumbnailUrl":"https:\/\/www.elmundodelasemociones.es\/Weblog\/wp-content\/uploads\/2016\/08\/Templo-Dorado.jpg","keywords":["bomba","Hiroshima","Jap\u00f3n","Kenzo","paz","Templo Dorado","viaje"],"articleSection":["El Diario de Maryam"],"inLanguage":"es","potentialAction":[{"@type":"CommentAction","name":"Comment","target":["https:\/\/www.elmundodelasemociones.es\/Weblog\/dia-5-templo-dorado-viaje-hiroshima\/#respond"]}]},{"@type":"WebPage","@id":"https:\/\/www.elmundodelasemociones.es\/Weblog\/dia-5-templo-dorado-viaje-hiroshima\/","url":"https:\/\/www.elmundodelasemociones.es\/Weblog\/dia-5-templo-dorado-viaje-hiroshima\/","name":"D\u00eda 5: Templo Dorado y viaje a Hiroshima - El mundo de las emociones","isPartOf":{"@id":"https:\/\/www.elmundodelasemociones.es\/Weblog\/#website"},"primaryImageOfPage":{"@id":"https:\/\/www.elmundodelasemociones.es\/Weblog\/dia-5-templo-dorado-viaje-hiroshima\/#primaryimage"},"image":{"@id":"https:\/\/www.elmundodelasemociones.es\/Weblog\/dia-5-templo-dorado-viaje-hiroshima\/#primaryimage"},"thumbnailUrl":"https:\/\/www.elmundodelasemociones.es\/Weblog\/wp-content\/uploads\/2016\/08\/Templo-Dorado.jpg","datePublished":"2016-08-14T06:48:44+00:00","dateModified":"2016-08-31T11:08:09+00:00","author":{"@id":"https:\/\/www.elmundodelasemociones.es\/Weblog\/#\/schema\/person\/3347afe65707ef6291e18c43757ebfd8"},"description":"Tras dormir como lirones, ayuda la almohada Japo y desayunar con calma al modo occidental, nos aventuramos a coger un autob\u00fas al templo Dorado.","breadcrumb":{"@id":"https:\/\/www.elmundodelasemociones.es\/Weblog\/dia-5-templo-dorado-viaje-hiroshima\/#breadcrumb"},"inLanguage":"es","potentialAction":[{"@type":"ReadAction","target":["https:\/\/www.elmundodelasemociones.es\/Weblog\/dia-5-templo-dorado-viaje-hiroshima\/"]}]},{"@type":"ImageObject","inLanguage":"es","@id":"https:\/\/www.elmundodelasemociones.es\/Weblog\/dia-5-templo-dorado-viaje-hiroshima\/#primaryimage","url":"https:\/\/www.elmundodelasemociones.es\/Weblog\/wp-content\/uploads\/2016\/08\/Templo-Dorado.jpg","contentUrl":"https:\/\/www.elmundodelasemociones.es\/Weblog\/wp-content\/uploads\/2016\/08\/Templo-Dorado.jpg","width":304,"height":227,"caption":"D\u00eda 5: Templo Dorado y viaje a Hiroshima"},{"@type":"BreadcrumbList","@id":"https:\/\/www.elmundodelasemociones.es\/Weblog\/dia-5-templo-dorado-viaje-hiroshima\/#breadcrumb","itemListElement":[{"@type":"ListItem","position":1,"name":"Portada","item":"https:\/\/www.elmundodelasemociones.es\/Weblog\/"},{"@type":"ListItem","position":2,"name":"D\u00eda 5: Templo Dorado y viaje a Hiroshima"}]},{"@type":"WebSite","@id":"https:\/\/www.elmundodelasemociones.es\/Weblog\/#website","url":"https:\/\/www.elmundodelasemociones.es\/Weblog\/","name":"El mundo de las emociones","description":"El blog de &quot;el mundo de las emociones&quot;","potentialAction":[{"@type":"SearchAction","target":{"@type":"EntryPoint","urlTemplate":"https:\/\/www.elmundodelasemociones.es\/Weblog\/?s={search_term_string}"},"query-input":{"@type":"PropertyValueSpecification","valueRequired":true,"valueName":"search_term_string"}}],"inLanguage":"es"},{"@type":"Person","@id":"https:\/\/www.elmundodelasemociones.es\/Weblog\/#\/schema\/person\/3347afe65707ef6291e18c43757ebfd8","name":"admin","image":{"@type":"ImageObject","inLanguage":"es","@id":"https:\/\/secure.gravatar.com\/avatar\/7c19c60a03e6b3ce43d6bb77b94f6e396240f2be922af03898f53886977d5d60?s=96&d=mm&r=g","url":"https:\/\/secure.gravatar.com\/avatar\/7c19c60a03e6b3ce43d6bb77b94f6e396240f2be922af03898f53886977d5d60?s=96&d=mm&r=g","contentUrl":"https:\/\/secure.gravatar.com\/avatar\/7c19c60a03e6b3ce43d6bb77b94f6e396240f2be922af03898f53886977d5d60?s=96&d=mm&r=g","caption":"admin"},"sameAs":["http:\/\/www.elmundodelasemociones.es"],"url":"https:\/\/www.elmundodelasemociones.es\/Weblog\/author\/admin\/"}]}},"jetpack_featured_media_url":"","jetpack_sharing_enabled":true,"jetpack_shortlink":"https:\/\/wp.me\/p82iJT-IP","_links":{"self":[{"href":"https:\/\/www.elmundodelasemociones.es\/Weblog\/wp-json\/wp\/v2\/posts\/2779","targetHints":{"allow":["GET"]}}],"collection":[{"href":"https:\/\/www.elmundodelasemociones.es\/Weblog\/wp-json\/wp\/v2\/posts"}],"about":[{"href":"https:\/\/www.elmundodelasemociones.es\/Weblog\/wp-json\/wp\/v2\/types\/post"}],"author":[{"embeddable":true,"href":"https:\/\/www.elmundodelasemociones.es\/Weblog\/wp-json\/wp\/v2\/users\/1"}],"replies":[{"embeddable":true,"href":"https:\/\/www.elmundodelasemociones.es\/Weblog\/wp-json\/wp\/v2\/comments?post=2779"}],"version-history":[{"count":0,"href":"https:\/\/www.elmundodelasemociones.es\/Weblog\/wp-json\/wp\/v2\/posts\/2779\/revisions"}],"wp:attachment":[{"href":"https:\/\/www.elmundodelasemociones.es\/Weblog\/wp-json\/wp\/v2\/media?parent=2779"}],"wp:term":[{"taxonomy":"category","embeddable":true,"href":"https:\/\/www.elmundodelasemociones.es\/Weblog\/wp-json\/wp\/v2\/categories?post=2779"},{"taxonomy":"post_tag","embeddable":true,"href":"https:\/\/www.elmundodelasemociones.es\/Weblog\/wp-json\/wp\/v2\/tags?post=2779"}],"curies":[{"name":"wp","href":"https:\/\/api.w.org\/{rel}","templated":true}]}}