{"id":2552,"date":"2015-03-08T11:42:36","date_gmt":"2015-03-08T10:42:36","guid":{"rendered":"https:\/\/www.elmundodelasemociones.es\/Weblog\/?p=2552"},"modified":"2015-03-08T11:42:46","modified_gmt":"2015-03-08T10:42:46","slug":"una-conversacion-entre-rafa-nadal-john-carlin","status":"publish","type":"post","link":"https:\/\/www.elmundodelasemociones.es\/Weblog\/una-conversacion-entre-rafa-nadal-john-carlin\/","title":{"rendered":"Una conversaci\u00f3n entre Rafa Nadal &#038; John Carlin"},"content":{"rendered":"<p><iframe loading=\"lazy\" src=\"https:\/\/www.youtube.com\/embed\/iIypmZm56cs?rel=0\" width=\"299\" height=\"249\" frameborder=\"0\" allowfullscreen=\"allowfullscreen\"><\/iframe><\/p>\n","protected":false},"excerpt":{"rendered":"<p><iframe loading=\"lazy\" width=\"299\" height=\"249\" src=\"https:\/\/www.youtube.com\/embed\/iIypmZm56cs?rel=0\" frameborder=\"0\" allowfullscreen><\/iframe><\/p>\n","protected":false},"author":1,"featured_media":0,"comment_status":"open","ping_status":"open","sticky":false,"template":"","format":"standard","meta":{"_jetpack_memberships_contains_paid_content":false,"footnotes":""},"categories":[1],"tags":[1808,1805,1807,1806,70,982],"class_list":["post-2552","post","type-post","status-publish","format-standard","hentry","category-general","tag-banco-sabadell","tag-conversacion","tag-john-carlin","tag-rafa-nadal","tag-video","tag-youtube"],"yoast_head":"<!-- This site is optimized with the Yoast SEO plugin v27.4 - https:\/\/yoast.com\/product\/yoast-seo-wordpress\/ -->\n<title>Una conversaci\u00f3n entre Rafa Nadal &amp; John Carlin - El mundo de las emociones<\/title>\n<meta name=\"description\" content=\"Una conversaci\u00f3n privada entre Rafa Nadal &amp; John Carlin que, como la mayor\u00eda de conversaciones de hoy, no tiene lugar en un espacio y tiempo concretos.\" \/>\n<meta name=\"robots\" content=\"index, follow, max-snippet:-1, max-image-preview:large, max-video-preview:-1\" \/>\n<link rel=\"canonical\" href=\"https:\/\/www.elmundodelasemociones.es\/Weblog\/una-conversacion-entre-rafa-nadal-john-carlin\/\" \/>\n<meta property=\"og:locale\" content=\"es_ES\" \/>\n<meta property=\"og:type\" content=\"article\" \/>\n<meta property=\"og:title\" content=\"Una conversaci\u00f3n entre Rafa Nadal &amp; John Carlin - El mundo de las emociones\" \/>\n<meta property=\"og:description\" content=\"Una conversaci\u00f3n privada entre Rafa Nadal &amp; John Carlin que, como la mayor\u00eda de conversaciones de hoy, no tiene lugar en un espacio y tiempo concretos.\" \/>\n<meta property=\"og:url\" content=\"https:\/\/www.elmundodelasemociones.es\/Weblog\/una-conversacion-entre-rafa-nadal-john-carlin\/\" \/>\n<meta property=\"og:site_name\" content=\"El mundo de las emociones\" \/>\n<meta property=\"article:published_time\" content=\"2015-03-08T10:42:36+00:00\" \/>\n<meta property=\"article:modified_time\" content=\"2015-03-08T10:42:46+00:00\" \/>\n<meta name=\"author\" content=\"admin\" \/>\n<meta name=\"twitter:label1\" content=\"Escrito por\" \/>\n\t<meta name=\"twitter:data1\" content=\"admin\" \/>\n<script type=\"application\/ld+json\" class=\"yoast-schema-graph\">{\"@context\":\"https:\\\/\\\/schema.org\",\"@graph\":[{\"@type\":\"Article\",\"@id\":\"https:\\\/\\\/www.elmundodelasemociones.es\\\/Weblog\\\/una-conversacion-entre-rafa-nadal-john-carlin\\\/#article\",\"isPartOf\":{\"@id\":\"https:\\\/\\\/www.elmundodelasemociones.es\\\/Weblog\\\/una-conversacion-entre-rafa-nadal-john-carlin\\\/\"},\"author\":{\"name\":\"admin\",\"@id\":\"https:\\\/\\\/www.elmundodelasemociones.es\\\/Weblog\\\/#\\\/schema\\\/person\\\/3347afe65707ef6291e18c43757ebfd8\"},\"headline\":\"Una conversaci\u00f3n entre Rafa Nadal &#038; John Carlin\",\"datePublished\":\"2015-03-08T10:42:36+00:00\",\"dateModified\":\"2015-03-08T10:42:46+00:00\",\"mainEntityOfPage\":{\"@id\":\"https:\\\/\\\/www.elmundodelasemociones.es\\\/Weblog\\\/una-conversacion-entre-rafa-nadal-john-carlin\\\/\"},\"wordCount\":8,\"commentCount\":0,\"keywords\":[\"Banco Sabadell\",\"conversaci\u00f3n\",\"John Carlin\",\"Rafa Nadal\",\"v\u00eddeo\",\"YouTube\"],\"articleSection\":[\"General\"],\"inLanguage\":\"es\",\"potentialAction\":[{\"@type\":\"CommentAction\",\"name\":\"Comment\",\"target\":[\"https:\\\/\\\/www.elmundodelasemociones.es\\\/Weblog\\\/una-conversacion-entre-rafa-nadal-john-carlin\\\/#respond\"]}]},{\"@type\":\"WebPage\",\"@id\":\"https:\\\/\\\/www.elmundodelasemociones.es\\\/Weblog\\\/una-conversacion-entre-rafa-nadal-john-carlin\\\/\",\"url\":\"https:\\\/\\\/www.elmundodelasemociones.es\\\/Weblog\\\/una-conversacion-entre-rafa-nadal-john-carlin\\\/\",\"name\":\"Una conversaci\u00f3n entre Rafa Nadal & John Carlin - El mundo de las emociones\",\"isPartOf\":{\"@id\":\"https:\\\/\\\/www.elmundodelasemociones.es\\\/Weblog\\\/#website\"},\"datePublished\":\"2015-03-08T10:42:36+00:00\",\"dateModified\":\"2015-03-08T10:42:46+00:00\",\"author\":{\"@id\":\"https:\\\/\\\/www.elmundodelasemociones.es\\\/Weblog\\\/#\\\/schema\\\/person\\\/3347afe65707ef6291e18c43757ebfd8\"},\"description\":\"Una conversaci\u00f3n privada entre Rafa Nadal & John Carlin que, como la mayor\u00eda de conversaciones de hoy, no tiene lugar en un espacio y tiempo concretos.\",\"breadcrumb\":{\"@id\":\"https:\\\/\\\/www.elmundodelasemociones.es\\\/Weblog\\\/una-conversacion-entre-rafa-nadal-john-carlin\\\/#breadcrumb\"},\"inLanguage\":\"es\",\"potentialAction\":[{\"@type\":\"ReadAction\",\"target\":[\"https:\\\/\\\/www.elmundodelasemociones.es\\\/Weblog\\\/una-conversacion-entre-rafa-nadal-john-carlin\\\/\"]}]},{\"@type\":\"BreadcrumbList\",\"@id\":\"https:\\\/\\\/www.elmundodelasemociones.es\\\/Weblog\\\/una-conversacion-entre-rafa-nadal-john-carlin\\\/#breadcrumb\",\"itemListElement\":[{\"@type\":\"ListItem\",\"position\":1,\"name\":\"Portada\",\"item\":\"https:\\\/\\\/www.elmundodelasemociones.es\\\/Weblog\\\/\"},{\"@type\":\"ListItem\",\"position\":2,\"name\":\"Una conversaci\u00f3n entre Rafa Nadal &#038; John Carlin\"}]},{\"@type\":\"WebSite\",\"@id\":\"https:\\\/\\\/www.elmundodelasemociones.es\\\/Weblog\\\/#website\",\"url\":\"https:\\\/\\\/www.elmundodelasemociones.es\\\/Weblog\\\/\",\"name\":\"El mundo de las emociones\",\"description\":\"El blog de &quot;el mundo de las emociones&quot;\",\"potentialAction\":[{\"@type\":\"SearchAction\",\"target\":{\"@type\":\"EntryPoint\",\"urlTemplate\":\"https:\\\/\\\/www.elmundodelasemociones.es\\\/Weblog\\\/?s={search_term_string}\"},\"query-input\":{\"@type\":\"PropertyValueSpecification\",\"valueRequired\":true,\"valueName\":\"search_term_string\"}}],\"inLanguage\":\"es\"},{\"@type\":\"Person\",\"@id\":\"https:\\\/\\\/www.elmundodelasemociones.es\\\/Weblog\\\/#\\\/schema\\\/person\\\/3347afe65707ef6291e18c43757ebfd8\",\"name\":\"admin\",\"image\":{\"@type\":\"ImageObject\",\"inLanguage\":\"es\",\"@id\":\"https:\\\/\\\/secure.gravatar.com\\\/avatar\\\/7c19c60a03e6b3ce43d6bb77b94f6e396240f2be922af03898f53886977d5d60?s=96&d=mm&r=g\",\"url\":\"https:\\\/\\\/secure.gravatar.com\\\/avatar\\\/7c19c60a03e6b3ce43d6bb77b94f6e396240f2be922af03898f53886977d5d60?s=96&d=mm&r=g\",\"contentUrl\":\"https:\\\/\\\/secure.gravatar.com\\\/avatar\\\/7c19c60a03e6b3ce43d6bb77b94f6e396240f2be922af03898f53886977d5d60?s=96&d=mm&r=g\",\"caption\":\"admin\"},\"sameAs\":[\"http:\\\/\\\/www.elmundodelasemociones.es\"],\"url\":\"https:\\\/\\\/www.elmundodelasemociones.es\\\/Weblog\\\/author\\\/admin\\\/\"}]}<\/script>\n<!-- \/ Yoast SEO plugin. -->","yoast_head_json":{"title":"Una conversaci\u00f3n entre Rafa Nadal & John Carlin - El mundo de las emociones","description":"Una conversaci\u00f3n privada entre Rafa Nadal & John Carlin que, como la mayor\u00eda de conversaciones de hoy, no tiene lugar en un espacio y tiempo concretos.","robots":{"index":"index","follow":"follow","max-snippet":"max-snippet:-1","max-image-preview":"max-image-preview:large","max-video-preview":"max-video-preview:-1"},"canonical":"https:\/\/www.elmundodelasemociones.es\/Weblog\/una-conversacion-entre-rafa-nadal-john-carlin\/","og_locale":"es_ES","og_type":"article","og_title":"Una conversaci\u00f3n entre Rafa Nadal & John Carlin - El mundo de las emociones","og_description":"Una conversaci\u00f3n privada entre Rafa Nadal & John Carlin que, como la mayor\u00eda de conversaciones de hoy, no tiene lugar en un espacio y tiempo concretos.","og_url":"https:\/\/www.elmundodelasemociones.es\/Weblog\/una-conversacion-entre-rafa-nadal-john-carlin\/","og_site_name":"El mundo de las emociones","article_published_time":"2015-03-08T10:42:36+00:00","article_modified_time":"2015-03-08T10:42:46+00:00","author":"admin","twitter_misc":{"Escrito por":"admin"},"schema":{"@context":"https:\/\/schema.org","@graph":[{"@type":"Article","@id":"https:\/\/www.elmundodelasemociones.es\/Weblog\/una-conversacion-entre-rafa-nadal-john-carlin\/#article","isPartOf":{"@id":"https:\/\/www.elmundodelasemociones.es\/Weblog\/una-conversacion-entre-rafa-nadal-john-carlin\/"},"author":{"name":"admin","@id":"https:\/\/www.elmundodelasemociones.es\/Weblog\/#\/schema\/person\/3347afe65707ef6291e18c43757ebfd8"},"headline":"Una conversaci\u00f3n entre Rafa Nadal &#038; John Carlin","datePublished":"2015-03-08T10:42:36+00:00","dateModified":"2015-03-08T10:42:46+00:00","mainEntityOfPage":{"@id":"https:\/\/www.elmundodelasemociones.es\/Weblog\/una-conversacion-entre-rafa-nadal-john-carlin\/"},"wordCount":8,"commentCount":0,"keywords":["Banco Sabadell","conversaci\u00f3n","John Carlin","Rafa Nadal","v\u00eddeo","YouTube"],"articleSection":["General"],"inLanguage":"es","potentialAction":[{"@type":"CommentAction","name":"Comment","target":["https:\/\/www.elmundodelasemociones.es\/Weblog\/una-conversacion-entre-rafa-nadal-john-carlin\/#respond"]}]},{"@type":"WebPage","@id":"https:\/\/www.elmundodelasemociones.es\/Weblog\/una-conversacion-entre-rafa-nadal-john-carlin\/","url":"https:\/\/www.elmundodelasemociones.es\/Weblog\/una-conversacion-entre-rafa-nadal-john-carlin\/","name":"Una conversaci\u00f3n entre Rafa Nadal & John Carlin - El mundo de las emociones","isPartOf":{"@id":"https:\/\/www.elmundodelasemociones.es\/Weblog\/#website"},"datePublished":"2015-03-08T10:42:36+00:00","dateModified":"2015-03-08T10:42:46+00:00","author":{"@id":"https:\/\/www.elmundodelasemociones.es\/Weblog\/#\/schema\/person\/3347afe65707ef6291e18c43757ebfd8"},"description":"Una conversaci\u00f3n privada entre Rafa Nadal & John Carlin que, como la mayor\u00eda de conversaciones de hoy, no tiene lugar en un espacio y tiempo concretos.","breadcrumb":{"@id":"https:\/\/www.elmundodelasemociones.es\/Weblog\/una-conversacion-entre-rafa-nadal-john-carlin\/#breadcrumb"},"inLanguage":"es","potentialAction":[{"@type":"ReadAction","target":["https:\/\/www.elmundodelasemociones.es\/Weblog\/una-conversacion-entre-rafa-nadal-john-carlin\/"]}]},{"@type":"BreadcrumbList","@id":"https:\/\/www.elmundodelasemociones.es\/Weblog\/una-conversacion-entre-rafa-nadal-john-carlin\/#breadcrumb","itemListElement":[{"@type":"ListItem","position":1,"name":"Portada","item":"https:\/\/www.elmundodelasemociones.es\/Weblog\/"},{"@type":"ListItem","position":2,"name":"Una conversaci\u00f3n entre Rafa Nadal &#038; John Carlin"}]},{"@type":"WebSite","@id":"https:\/\/www.elmundodelasemociones.es\/Weblog\/#website","url":"https:\/\/www.elmundodelasemociones.es\/Weblog\/","name":"El mundo de las emociones","description":"El blog de &quot;el mundo de las emociones&quot;","potentialAction":[{"@type":"SearchAction","target":{"@type":"EntryPoint","urlTemplate":"https:\/\/www.elmundodelasemociones.es\/Weblog\/?s={search_term_string}"},"query-input":{"@type":"PropertyValueSpecification","valueRequired":true,"valueName":"search_term_string"}}],"inLanguage":"es"},{"@type":"Person","@id":"https:\/\/www.elmundodelasemociones.es\/Weblog\/#\/schema\/person\/3347afe65707ef6291e18c43757ebfd8","name":"admin","image":{"@type":"ImageObject","inLanguage":"es","@id":"https:\/\/secure.gravatar.com\/avatar\/7c19c60a03e6b3ce43d6bb77b94f6e396240f2be922af03898f53886977d5d60?s=96&d=mm&r=g","url":"https:\/\/secure.gravatar.com\/avatar\/7c19c60a03e6b3ce43d6bb77b94f6e396240f2be922af03898f53886977d5d60?s=96&d=mm&r=g","contentUrl":"https:\/\/secure.gravatar.com\/avatar\/7c19c60a03e6b3ce43d6bb77b94f6e396240f2be922af03898f53886977d5d60?s=96&d=mm&r=g","caption":"admin"},"sameAs":["http:\/\/www.elmundodelasemociones.es"],"url":"https:\/\/www.elmundodelasemociones.es\/Weblog\/author\/admin\/"}]}},"jetpack_featured_media_url":"","jetpack_sharing_enabled":true,"jetpack_shortlink":"https:\/\/wp.me\/p82iJT-Fa","_links":{"self":[{"href":"https:\/\/www.elmundodelasemociones.es\/Weblog\/wp-json\/wp\/v2\/posts\/2552","targetHints":{"allow":["GET"]}}],"collection":[{"href":"https:\/\/www.elmundodelasemociones.es\/Weblog\/wp-json\/wp\/v2\/posts"}],"about":[{"href":"https:\/\/www.elmundodelasemociones.es\/Weblog\/wp-json\/wp\/v2\/types\/post"}],"author":[{"embeddable":true,"href":"https:\/\/www.elmundodelasemociones.es\/Weblog\/wp-json\/wp\/v2\/users\/1"}],"replies":[{"embeddable":true,"href":"https:\/\/www.elmundodelasemociones.es\/Weblog\/wp-json\/wp\/v2\/comments?post=2552"}],"version-history":[{"count":0,"href":"https:\/\/www.elmundodelasemociones.es\/Weblog\/wp-json\/wp\/v2\/posts\/2552\/revisions"}],"wp:attachment":[{"href":"https:\/\/www.elmundodelasemociones.es\/Weblog\/wp-json\/wp\/v2\/media?parent=2552"}],"wp:term":[{"taxonomy":"category","embeddable":true,"href":"https:\/\/www.elmundodelasemociones.es\/Weblog\/wp-json\/wp\/v2\/categories?post=2552"},{"taxonomy":"post_tag","embeddable":true,"href":"https:\/\/www.elmundodelasemociones.es\/Weblog\/wp-json\/wp\/v2\/tags?post=2552"}],"curies":[{"name":"wp","href":"https:\/\/api.w.org\/{rel}","templated":true}]}}