{"id":2137,"date":"2014-03-23T12:33:46","date_gmt":"2014-03-23T11:33:46","guid":{"rendered":"https:\/\/www.elmundodelasemociones.es\/Weblog\/?p=2137"},"modified":"2014-03-23T12:48:36","modified_gmt":"2014-03-23T11:48:36","slug":"como-liderar-en-on","status":"publish","type":"post","link":"https:\/\/www.elmundodelasemociones.es\/Weblog\/como-liderar-en-on\/","title":{"rendered":"Webinar &#8211; C\u00f3mo liderar en On"},"content":{"rendered":"<p><strong>\u00bfC\u00f3mo liderar en ON?<\/strong><\/p>\n<p>Ideas aplicables al momento para que muevas a tu gente de OFF a ON.<\/p>\n<p>Uno de los problemas graves que viven las empresas es la falta de pasi\u00f3n de sus l\u00edderes. Las organizaciones lideradas sin pasi\u00f3n est\u00e1n estancadas, sin energ\u00eda, cargadas de actitudes del tipo: \u201ctotal para qu\u00e9\u201d, \u201ca estas alturas\u201d, \u201cno creo en esas cosas\u201d&#8230; est\u00e1n detenidas en el tiempo.<\/p>\n<p><strong>Preg\u00fantate: \u00bfEst\u00e1s en \u2018On\u2019 o en \u2018OFF\u2019?<\/strong><\/p>\n<p><img loading=\"lazy\" decoding=\"async\" class=\"aligncenter size-full wp-image-2139\" style=\"margin-bottom: 20px;\" title=\"Webinar - C\u00f3mo lideraren On\" alt=\"Webinar - C\u00f3mo lideraren On\" src=\"https:\/\/www.elmundodelasemociones.es\/Weblog\/wp-content\/uploads\/2014\/03\/webinar.png\" width=\"299\" height=\"385\" srcset=\"https:\/\/www.elmundodelasemociones.es\/Weblog\/wp-content\/uploads\/2014\/03\/webinar.png 299w, https:\/\/www.elmundodelasemociones.es\/Weblog\/wp-content\/uploads\/2014\/03\/webinar-232x300.png 232w\" sizes=\"auto, (max-width: 299px) 100vw, 299px\" \/><\/p>\n<p><strong>\u00bfDESCUBRE C\u00d3MO?<\/strong><\/p>\n<p>&#8211; Identificar si como l\u00edder est\u00e1s: \u201cOn, Stand-by, Off\u201d.<br \/>\n&#8211; Mover a tu gente de Off a On.<br \/>\n&#8211; Eliminar la cultura del microondas.<br \/>\n&#8211; Identificar hacia d\u00f3nde diriges tu gente.<br \/>\n&#8211; Manejar las emociones en ON.<\/p>\n<p>Martes, 8 de abril de 2014<br \/>\n10:00 a.m. Est. (Hora Miami &#8211; Puerto Rico)<\/p>\n<p><a title=\"Webinar - C\u00f3mo liderar On\" href=\"https:\/\/www.elmundodelasemociones.es\/Weblog\/wp-content\/uploads\/2014\/03\/Webinar-Como-liderar-en-ON.pdf\" target=\"_blank\">M\u00e1s informaci\u00f3n<\/a><\/p>\n","protected":false},"excerpt":{"rendered":"<p><strong>\u00bfC\u00f3mo liderar en ON?<\/strong><\/p>\n<p>Ideas aplicables al momento para que muevas a tu gente de OFF a ON.<\/p>\n<p>Uno de los problemas graves que viven las empresas es la falta de pasi\u00f3n de sus l\u00edderes. Las organizaciones lideradas sin pasi\u00f3n est\u00e1n estancadas, sin energ\u00eda, cargadas de actitudes del tipo: \u201ctotal para qu\u00e9\u201d, \u201ca estas alturas\u201d, \u201cno creo en esas cosas\u201d&#8230; est\u00e1n detenidas en el tiempo.<\/p>\n<p><strong>Preg\u00fantate: \u00bfEst\u00e1s en \u2018On\u2019 o en \u2018OFF\u2019?<\/strong><\/p>\n<p><img loading=\"lazy\" decoding=\"async\" class=\"aligncenter size-full wp-image-2139\" style=\"margin-bottom: 20px;\" title=\"Webinar - C\u00f3mo lideraren On\" alt=\"Webinar - C\u00f3mo lideraren On\" src=\"https:\/\/www.elmundodelasemociones.es\/Weblog\/wp-content\/uploads\/2014\/03\/webinar.png\" width=\"299\" height=\"385\" srcset=\"https:\/\/www.elmundodelasemociones.es\/Weblog\/wp-content\/uploads\/2014\/03\/webinar.png 299w, https:\/\/www.elmundodelasemociones.es\/Weblog\/wp-content\/uploads\/2014\/03\/webinar-232x300.png 232w\" sizes=\"auto, (max-width: 299px) 100vw, 299px\" \/><\/p>\n<p><strong>\u00bfDESCUBRE C\u00d3MO?<\/strong><\/p>\n<p>&#8211; Identificar si como l\u00edder est\u00e1s: \u201cOn, Stand-by, Off\u201d.<br \/>\n&#8211; Mover a tu gente de Off a On.<br \/>\n&#8211; Eliminar la cultura del microondas.<br \/>\n&#8211; Identificar hacia d\u00f3nde diriges tu gente.<br \/>\n&#8211; Manejar las emociones en ON.<\/p>\n<p>Martes, 8 de abril de 2014<br \/>\n10:00 a.m. Est. (Hora Miami &#8211; Puerto Rico)<\/p>\n<p><a title=\"Webinar - C\u00f3mo liderar On\" href=\"https:\/\/www.elmundodelasemociones.es\/Weblog\/wp-content\/uploads\/2014\/03\/Webinar-Como-liderar-en-ON.pdf\" target=\"_blank\">M\u00e1s informaci\u00f3n<\/a><\/p>\n","protected":false},"author":1,"featured_media":0,"comment_status":"open","ping_status":"open","sticky":false,"template":"","format":"standard","meta":{"_jetpack_memberships_contains_paid_content":false,"footnotes":""},"categories":[1],"tags":[1501,917,273,1498,1497,1499,1500,4,1496],"class_list":["post-2137","post","type-post","status-publish","format-standard","hentry","category-general","tag-actitud","tag-empresas","tag-energia","tag-ideas","tag-liderar-en-on","tag-lideres","tag-organizaciones","tag-pasion","tag-webinar"],"yoast_head":"<!-- This site is optimized with the Yoast SEO plugin v27.5 - https:\/\/yoast.com\/product\/yoast-seo-wordpress\/ -->\n<title>Webinar - C\u00f3mo liderar en On - El mundo de las emociones<\/title>\n<meta name=\"robots\" content=\"index, follow, max-snippet:-1, max-image-preview:large, max-video-preview:-1\" \/>\n<link rel=\"canonical\" href=\"https:\/\/www.elmundodelasemociones.es\/Weblog\/como-liderar-en-on\/\" \/>\n<meta property=\"og:locale\" content=\"es_ES\" \/>\n<meta property=\"og:type\" content=\"article\" \/>\n<meta property=\"og:title\" content=\"Webinar - C\u00f3mo liderar en On - El mundo de las emociones\" \/>\n<meta property=\"og:description\" content=\"\u00bfC\u00f3mo liderar en ON?  Ideas aplicables al momento para que muevas a tu gente de OFF a ON.  Uno de los problemas graves que viven las empresas es la falta de pasi\u00f3n de sus l\u00edderes. Las organizaciones lideradas sin pasi\u00f3n est\u00e1n estancadas, sin energ\u00eda, cargadas de actitudes del tipo: \u201ctotal para qu\u00e9\u201d, \u201ca estas alturas\u201d, \u201cno creo en esas cosas\u201d... est\u00e1n detenidas en el tiempo.  Preg\u00fantate: \u00bfEst\u00e1s en \u2018On\u2019 o en \u2018OFF\u2019?    \u00bfDESCUBRE C\u00d3MO?  - Identificar si como l\u00edder est\u00e1s: \u201cOn, Stand-by, Off\u201d. - Mover a tu gente de Off a On. - Eliminar la cultura del microondas. - Identificar hacia d\u00f3nde diriges tu gente. - Manejar las emociones en ON.  Martes, 8 de abril de 2014 10:00 a.m. Est. (Hora Miami - Puerto Rico)  M\u00e1s informaci\u00f3n\" \/>\n<meta property=\"og:url\" content=\"https:\/\/www.elmundodelasemociones.es\/Weblog\/como-liderar-en-on\/\" \/>\n<meta property=\"og:site_name\" content=\"El mundo de las emociones\" \/>\n<meta property=\"article:published_time\" content=\"2014-03-23T11:33:46+00:00\" \/>\n<meta property=\"article:modified_time\" content=\"2014-03-23T11:48:36+00:00\" \/>\n<meta property=\"og:image\" content=\"https:\/\/www.elmundodelasemociones.es\/Weblog\/wp-content\/uploads\/2014\/03\/webinar.png\" \/>\n<meta name=\"author\" content=\"admin\" \/>\n<meta name=\"twitter:label1\" content=\"Escrito por\" \/>\n\t<meta name=\"twitter:data1\" content=\"admin\" \/>\n\t<meta name=\"twitter:label2\" content=\"Tiempo de lectura\" \/>\n\t<meta name=\"twitter:data2\" content=\"1 minuto\" \/>\n<script type=\"application\/ld+json\" class=\"yoast-schema-graph\">{\"@context\":\"https:\\\/\\\/schema.org\",\"@graph\":[{\"@type\":\"Article\",\"@id\":\"https:\\\/\\\/www.elmundodelasemociones.es\\\/Weblog\\\/como-liderar-en-on\\\/#article\",\"isPartOf\":{\"@id\":\"https:\\\/\\\/www.elmundodelasemociones.es\\\/Weblog\\\/como-liderar-en-on\\\/\"},\"author\":{\"name\":\"admin\",\"@id\":\"https:\\\/\\\/www.elmundodelasemociones.es\\\/Weblog\\\/#\\\/schema\\\/person\\\/3347afe65707ef6291e18c43757ebfd8\"},\"headline\":\"Webinar &#8211; C\u00f3mo liderar en On\",\"datePublished\":\"2014-03-23T11:33:46+00:00\",\"dateModified\":\"2014-03-23T11:48:36+00:00\",\"mainEntityOfPage\":{\"@id\":\"https:\\\/\\\/www.elmundodelasemociones.es\\\/Weblog\\\/como-liderar-en-on\\\/\"},\"wordCount\":147,\"commentCount\":0,\"image\":{\"@id\":\"https:\\\/\\\/www.elmundodelasemociones.es\\\/Weblog\\\/como-liderar-en-on\\\/#primaryimage\"},\"thumbnailUrl\":\"https:\\\/\\\/www.elmundodelasemociones.es\\\/Weblog\\\/wp-content\\\/uploads\\\/2014\\\/03\\\/webinar.png\",\"keywords\":[\"actitud\",\"empresas\",\"energ\u00eda\",\"ideas\",\"liderar en On\",\"l\u00edderes\",\"organizaciones\",\"pasi\u00f3n\",\"webinar\"],\"articleSection\":[\"General\"],\"inLanguage\":\"es\",\"potentialAction\":[{\"@type\":\"CommentAction\",\"name\":\"Comment\",\"target\":[\"https:\\\/\\\/www.elmundodelasemociones.es\\\/Weblog\\\/como-liderar-en-on\\\/#respond\"]}]},{\"@type\":\"WebPage\",\"@id\":\"https:\\\/\\\/www.elmundodelasemociones.es\\\/Weblog\\\/como-liderar-en-on\\\/\",\"url\":\"https:\\\/\\\/www.elmundodelasemociones.es\\\/Weblog\\\/como-liderar-en-on\\\/\",\"name\":\"Webinar - C\u00f3mo liderar en On - El mundo de las emociones\",\"isPartOf\":{\"@id\":\"https:\\\/\\\/www.elmundodelasemociones.es\\\/Weblog\\\/#website\"},\"primaryImageOfPage\":{\"@id\":\"https:\\\/\\\/www.elmundodelasemociones.es\\\/Weblog\\\/como-liderar-en-on\\\/#primaryimage\"},\"image\":{\"@id\":\"https:\\\/\\\/www.elmundodelasemociones.es\\\/Weblog\\\/como-liderar-en-on\\\/#primaryimage\"},\"thumbnailUrl\":\"https:\\\/\\\/www.elmundodelasemociones.es\\\/Weblog\\\/wp-content\\\/uploads\\\/2014\\\/03\\\/webinar.png\",\"datePublished\":\"2014-03-23T11:33:46+00:00\",\"dateModified\":\"2014-03-23T11:48:36+00:00\",\"author\":{\"@id\":\"https:\\\/\\\/www.elmundodelasemociones.es\\\/Weblog\\\/#\\\/schema\\\/person\\\/3347afe65707ef6291e18c43757ebfd8\"},\"breadcrumb\":{\"@id\":\"https:\\\/\\\/www.elmundodelasemociones.es\\\/Weblog\\\/como-liderar-en-on\\\/#breadcrumb\"},\"inLanguage\":\"es\",\"potentialAction\":[{\"@type\":\"ReadAction\",\"target\":[\"https:\\\/\\\/www.elmundodelasemociones.es\\\/Weblog\\\/como-liderar-en-on\\\/\"]}]},{\"@type\":\"ImageObject\",\"inLanguage\":\"es\",\"@id\":\"https:\\\/\\\/www.elmundodelasemociones.es\\\/Weblog\\\/como-liderar-en-on\\\/#primaryimage\",\"url\":\"https:\\\/\\\/www.elmundodelasemociones.es\\\/Weblog\\\/wp-content\\\/uploads\\\/2014\\\/03\\\/webinar.png\",\"contentUrl\":\"https:\\\/\\\/www.elmundodelasemociones.es\\\/Weblog\\\/wp-content\\\/uploads\\\/2014\\\/03\\\/webinar.png\",\"width\":299,\"height\":385},{\"@type\":\"BreadcrumbList\",\"@id\":\"https:\\\/\\\/www.elmundodelasemociones.es\\\/Weblog\\\/como-liderar-en-on\\\/#breadcrumb\",\"itemListElement\":[{\"@type\":\"ListItem\",\"position\":1,\"name\":\"Portada\",\"item\":\"https:\\\/\\\/www.elmundodelasemociones.es\\\/Weblog\\\/\"},{\"@type\":\"ListItem\",\"position\":2,\"name\":\"Webinar &#8211; C\u00f3mo liderar en On\"}]},{\"@type\":\"WebSite\",\"@id\":\"https:\\\/\\\/www.elmundodelasemociones.es\\\/Weblog\\\/#website\",\"url\":\"https:\\\/\\\/www.elmundodelasemociones.es\\\/Weblog\\\/\",\"name\":\"El mundo de las emociones\",\"description\":\"El blog de &quot;el mundo de las emociones&quot;\",\"potentialAction\":[{\"@type\":\"SearchAction\",\"target\":{\"@type\":\"EntryPoint\",\"urlTemplate\":\"https:\\\/\\\/www.elmundodelasemociones.es\\\/Weblog\\\/?s={search_term_string}\"},\"query-input\":{\"@type\":\"PropertyValueSpecification\",\"valueRequired\":true,\"valueName\":\"search_term_string\"}}],\"inLanguage\":\"es\"},{\"@type\":\"Person\",\"@id\":\"https:\\\/\\\/www.elmundodelasemociones.es\\\/Weblog\\\/#\\\/schema\\\/person\\\/3347afe65707ef6291e18c43757ebfd8\",\"name\":\"admin\",\"image\":{\"@type\":\"ImageObject\",\"inLanguage\":\"es\",\"@id\":\"https:\\\/\\\/secure.gravatar.com\\\/avatar\\\/7c19c60a03e6b3ce43d6bb77b94f6e396240f2be922af03898f53886977d5d60?s=96&d=mm&r=g\",\"url\":\"https:\\\/\\\/secure.gravatar.com\\\/avatar\\\/7c19c60a03e6b3ce43d6bb77b94f6e396240f2be922af03898f53886977d5d60?s=96&d=mm&r=g\",\"contentUrl\":\"https:\\\/\\\/secure.gravatar.com\\\/avatar\\\/7c19c60a03e6b3ce43d6bb77b94f6e396240f2be922af03898f53886977d5d60?s=96&d=mm&r=g\",\"caption\":\"admin\"},\"sameAs\":[\"http:\\\/\\\/www.elmundodelasemociones.es\"],\"url\":\"https:\\\/\\\/www.elmundodelasemociones.es\\\/Weblog\\\/author\\\/admin\\\/\"}]}<\/script>\n<!-- \/ Yoast SEO plugin. -->","yoast_head_json":{"title":"Webinar - C\u00f3mo liderar en On - El mundo de las emociones","robots":{"index":"index","follow":"follow","max-snippet":"max-snippet:-1","max-image-preview":"max-image-preview:large","max-video-preview":"max-video-preview:-1"},"canonical":"https:\/\/www.elmundodelasemociones.es\/Weblog\/como-liderar-en-on\/","og_locale":"es_ES","og_type":"article","og_title":"Webinar - C\u00f3mo liderar en On - El mundo de las emociones","og_description":"\u00bfC\u00f3mo liderar en ON?  Ideas aplicables al momento para que muevas a tu gente de OFF a ON.  Uno de los problemas graves que viven las empresas es la falta de pasi\u00f3n de sus l\u00edderes. Las organizaciones lideradas sin pasi\u00f3n est\u00e1n estancadas, sin energ\u00eda, cargadas de actitudes del tipo: \u201ctotal para qu\u00e9\u201d, \u201ca estas alturas\u201d, \u201cno creo en esas cosas\u201d... est\u00e1n detenidas en el tiempo.  Preg\u00fantate: \u00bfEst\u00e1s en \u2018On\u2019 o en \u2018OFF\u2019?    \u00bfDESCUBRE C\u00d3MO?  - Identificar si como l\u00edder est\u00e1s: \u201cOn, Stand-by, Off\u201d. - Mover a tu gente de Off a On. - Eliminar la cultura del microondas. - Identificar hacia d\u00f3nde diriges tu gente. - Manejar las emociones en ON.  Martes, 8 de abril de 2014 10:00 a.m. Est. (Hora Miami - Puerto Rico)  M\u00e1s informaci\u00f3n","og_url":"https:\/\/www.elmundodelasemociones.es\/Weblog\/como-liderar-en-on\/","og_site_name":"El mundo de las emociones","article_published_time":"2014-03-23T11:33:46+00:00","article_modified_time":"2014-03-23T11:48:36+00:00","og_image":[{"url":"https:\/\/www.elmundodelasemociones.es\/Weblog\/wp-content\/uploads\/2014\/03\/webinar.png","type":"","width":"","height":""}],"author":"admin","twitter_misc":{"Escrito por":"admin","Tiempo de lectura":"1 minuto"},"schema":{"@context":"https:\/\/schema.org","@graph":[{"@type":"Article","@id":"https:\/\/www.elmundodelasemociones.es\/Weblog\/como-liderar-en-on\/#article","isPartOf":{"@id":"https:\/\/www.elmundodelasemociones.es\/Weblog\/como-liderar-en-on\/"},"author":{"name":"admin","@id":"https:\/\/www.elmundodelasemociones.es\/Weblog\/#\/schema\/person\/3347afe65707ef6291e18c43757ebfd8"},"headline":"Webinar &#8211; C\u00f3mo liderar en On","datePublished":"2014-03-23T11:33:46+00:00","dateModified":"2014-03-23T11:48:36+00:00","mainEntityOfPage":{"@id":"https:\/\/www.elmundodelasemociones.es\/Weblog\/como-liderar-en-on\/"},"wordCount":147,"commentCount":0,"image":{"@id":"https:\/\/www.elmundodelasemociones.es\/Weblog\/como-liderar-en-on\/#primaryimage"},"thumbnailUrl":"https:\/\/www.elmundodelasemociones.es\/Weblog\/wp-content\/uploads\/2014\/03\/webinar.png","keywords":["actitud","empresas","energ\u00eda","ideas","liderar en On","l\u00edderes","organizaciones","pasi\u00f3n","webinar"],"articleSection":["General"],"inLanguage":"es","potentialAction":[{"@type":"CommentAction","name":"Comment","target":["https:\/\/www.elmundodelasemociones.es\/Weblog\/como-liderar-en-on\/#respond"]}]},{"@type":"WebPage","@id":"https:\/\/www.elmundodelasemociones.es\/Weblog\/como-liderar-en-on\/","url":"https:\/\/www.elmundodelasemociones.es\/Weblog\/como-liderar-en-on\/","name":"Webinar - C\u00f3mo liderar en On - El mundo de las emociones","isPartOf":{"@id":"https:\/\/www.elmundodelasemociones.es\/Weblog\/#website"},"primaryImageOfPage":{"@id":"https:\/\/www.elmundodelasemociones.es\/Weblog\/como-liderar-en-on\/#primaryimage"},"image":{"@id":"https:\/\/www.elmundodelasemociones.es\/Weblog\/como-liderar-en-on\/#primaryimage"},"thumbnailUrl":"https:\/\/www.elmundodelasemociones.es\/Weblog\/wp-content\/uploads\/2014\/03\/webinar.png","datePublished":"2014-03-23T11:33:46+00:00","dateModified":"2014-03-23T11:48:36+00:00","author":{"@id":"https:\/\/www.elmundodelasemociones.es\/Weblog\/#\/schema\/person\/3347afe65707ef6291e18c43757ebfd8"},"breadcrumb":{"@id":"https:\/\/www.elmundodelasemociones.es\/Weblog\/como-liderar-en-on\/#breadcrumb"},"inLanguage":"es","potentialAction":[{"@type":"ReadAction","target":["https:\/\/www.elmundodelasemociones.es\/Weblog\/como-liderar-en-on\/"]}]},{"@type":"ImageObject","inLanguage":"es","@id":"https:\/\/www.elmundodelasemociones.es\/Weblog\/como-liderar-en-on\/#primaryimage","url":"https:\/\/www.elmundodelasemociones.es\/Weblog\/wp-content\/uploads\/2014\/03\/webinar.png","contentUrl":"https:\/\/www.elmundodelasemociones.es\/Weblog\/wp-content\/uploads\/2014\/03\/webinar.png","width":299,"height":385},{"@type":"BreadcrumbList","@id":"https:\/\/www.elmundodelasemociones.es\/Weblog\/como-liderar-en-on\/#breadcrumb","itemListElement":[{"@type":"ListItem","position":1,"name":"Portada","item":"https:\/\/www.elmundodelasemociones.es\/Weblog\/"},{"@type":"ListItem","position":2,"name":"Webinar &#8211; C\u00f3mo liderar en On"}]},{"@type":"WebSite","@id":"https:\/\/www.elmundodelasemociones.es\/Weblog\/#website","url":"https:\/\/www.elmundodelasemociones.es\/Weblog\/","name":"El mundo de las emociones","description":"El blog de &quot;el mundo de las emociones&quot;","potentialAction":[{"@type":"SearchAction","target":{"@type":"EntryPoint","urlTemplate":"https:\/\/www.elmundodelasemociones.es\/Weblog\/?s={search_term_string}"},"query-input":{"@type":"PropertyValueSpecification","valueRequired":true,"valueName":"search_term_string"}}],"inLanguage":"es"},{"@type":"Person","@id":"https:\/\/www.elmundodelasemociones.es\/Weblog\/#\/schema\/person\/3347afe65707ef6291e18c43757ebfd8","name":"admin","image":{"@type":"ImageObject","inLanguage":"es","@id":"https:\/\/secure.gravatar.com\/avatar\/7c19c60a03e6b3ce43d6bb77b94f6e396240f2be922af03898f53886977d5d60?s=96&d=mm&r=g","url":"https:\/\/secure.gravatar.com\/avatar\/7c19c60a03e6b3ce43d6bb77b94f6e396240f2be922af03898f53886977d5d60?s=96&d=mm&r=g","contentUrl":"https:\/\/secure.gravatar.com\/avatar\/7c19c60a03e6b3ce43d6bb77b94f6e396240f2be922af03898f53886977d5d60?s=96&d=mm&r=g","caption":"admin"},"sameAs":["http:\/\/www.elmundodelasemociones.es"],"url":"https:\/\/www.elmundodelasemociones.es\/Weblog\/author\/admin\/"}]}},"jetpack_featured_media_url":"","jetpack_sharing_enabled":true,"jetpack_shortlink":"https:\/\/wp.me\/p82iJT-yt","_links":{"self":[{"href":"https:\/\/www.elmundodelasemociones.es\/Weblog\/wp-json\/wp\/v2\/posts\/2137","targetHints":{"allow":["GET"]}}],"collection":[{"href":"https:\/\/www.elmundodelasemociones.es\/Weblog\/wp-json\/wp\/v2\/posts"}],"about":[{"href":"https:\/\/www.elmundodelasemociones.es\/Weblog\/wp-json\/wp\/v2\/types\/post"}],"author":[{"embeddable":true,"href":"https:\/\/www.elmundodelasemociones.es\/Weblog\/wp-json\/wp\/v2\/users\/1"}],"replies":[{"embeddable":true,"href":"https:\/\/www.elmundodelasemociones.es\/Weblog\/wp-json\/wp\/v2\/comments?post=2137"}],"version-history":[{"count":0,"href":"https:\/\/www.elmundodelasemociones.es\/Weblog\/wp-json\/wp\/v2\/posts\/2137\/revisions"}],"wp:attachment":[{"href":"https:\/\/www.elmundodelasemociones.es\/Weblog\/wp-json\/wp\/v2\/media?parent=2137"}],"wp:term":[{"taxonomy":"category","embeddable":true,"href":"https:\/\/www.elmundodelasemociones.es\/Weblog\/wp-json\/wp\/v2\/categories?post=2137"},{"taxonomy":"post_tag","embeddable":true,"href":"https:\/\/www.elmundodelasemociones.es\/Weblog\/wp-json\/wp\/v2\/tags?post=2137"}],"curies":[{"name":"wp","href":"https:\/\/api.w.org\/{rel}","templated":true}]}}